{"id":30912,"date":"2025-10-07T13:58:46","date_gmt":"2025-10-07T13:58:46","guid":{"rendered":"https:\/\/extraslovensko.sk\/spravy\/?p=30912"},"modified":"2025-10-07T13:58:46","modified_gmt":"2025-10-07T13:58:46","slug":"smeraci-a-europske-pravidla-vysmech-pravnikov-a-dotacii-z-eu","status":"publish","type":"post","link":"https:\/\/extraslovensko.sk\/spravy\/smeraci-a-europske-pravidla-vysmech-pravnikov-a-dotacii-z-eu\/","title":{"rendered":"Smer\u00e1ci a eur\u00f3pske pravidl\u00e1: V\u00fdsmech pr\u00e1vnikov a dot\u00e1ci\u00ed z EU"},"content":{"rendered":"<p> Smer sa pok\u00fasil \u010derpa\u0165 eurofondy na energopomoc, no Brusel zastavil pl\u00e1n. V\u00fdsmech pr\u00e1vnikov Smeru a ich neschopnosti dodr\u017eiava\u0165 eur\u00f3pske pravidl\u00e1. Slovensko m\u00e1 talent na kombin\u00e1ciu politick\u00e9ho teatr\u00e1lneho gesta a pr\u00e1vnej neschopnosti. Najnov\u0161\u00ed pr\u00edklad? <strong>Smer sa pok\u00fasil \u010derpa\u0165 eurofondy na energopomoc<\/strong>, no Brusel im povedal \u201cstop, toto nejde\u201d.<\/p>\n<h1>Smer\u00e1ci a eur\u00f3pske pravidl\u00e1: V\u00fdsmech pr\u00e1vnikov a dot\u00e1ci\u00ed z EU<\/h1>\n<h2>Pr\u00e1vnici Smeru a ich z\u00e1zra\u010dn\u00e9 pre\u0161\u013eapy<\/h2>\n<ul>\n<li>Zd\u00e1 sa, \u017ee pr\u00e1vnici Smeru nikdy nepo\u010duli o tom, \u017ee <strong>Eur\u00f3pska \u00fania m\u00e1 predpisy<\/strong>.<\/li>\n<li>Vypracovali pl\u00e1n, ktor\u00fd bol tak nes\u00faladn\u00fd, \u017ee by ho odmietla aj z\u00e1kladn\u00e1 \u0161kolsk\u00e1 komisia.<\/li>\n<li>Ak ste si mysleli, \u017ee dot\u00e1cie z EU s\u00fa zadarmo, m\u00fdlili ste sa \u2013 Smer to zistil a\u017e teraz, ke\u010f Brusel zamietol cel\u00fd projekt.<\/li>\n<\/ul>\n<h3>Neschopnos\u0165 \u010d\u00edta\u0165 dokumenty<\/h3>\n<ul>\n<li>Eurofondy prich\u00e1dzaj\u00fa s podmienkami, ktor\u00e9 si mus\u00edte pre\u010d\u00edta\u0165.<\/li>\n<li>Na Slovensku v\u0161ak Smer pr\u00e1vnikov vy\u0161kolil len v <strong>papierovan\u00ed, nie v \u010d\u00edtan\u00ed<\/strong>.<\/li>\n<li>V\u00fdsledok? Projekt energopomoci stoj\u00ed v smetnom ko\u0161i, a \u013eudia st\u00e1le \u010dakaj\u00fa na re\u00e1lne peniaze.<\/li>\n<\/ul>\n<h2>Dot\u00e1cie z Eur\u00f3py \u2013 il\u00fazia alebo fikcia?<\/h2>\n<ul>\n<li>Ka\u017ed\u00fd si myslel, \u017ee <strong>dot\u00e1cie z EU<\/strong> bud\u00fa rie\u0161en\u00edm energetickej kr\u00edzy.<\/li>\n<li>Smer v\u0161ak dok\u00e1zal, \u017ee je mo\u017en\u00e9 <strong>ma\u0165 o\u010di otvoren\u00e9, ale mozog zavret\u00fd<\/strong>.<\/li>\n<li>Peniaze z eurondov? Pre Smer\u00e1kov iba fant\u00e1zia \u2013 v realite nemaj\u00fa ani cent, a Brusel ich zmaril.<\/li>\n<\/ul>\n<h3>\u0160tatistiky neklam\u00fa<\/h3>\n<ul>\n<li>Pl\u00e1novan\u00fd rozpo\u010det energopomoci: st\u00e1tis\u00edce a\u017e mili\u00f3ny eur.<\/li>\n<li>Schv\u00e1lenie: 0 % \u2013 Brusel zamietol cel\u00fd n\u00e1vrh.<\/li>\n<li>Pou\u010denie? Aj s pr\u00e1vnikmi na pln\u00fd \u00fav\u00e4zok sa d\u00e1 min\u00fa\u0165 \u010das, ale nie \u00faspe\u0161ne z\u00edska\u0165 peniaze.<\/li>\n<\/ul>\n<h2>Z\u00e1ver<\/h2>\n<p>Slovensk\u00e1 realita je niekedy absurdn\u00e1: <strong>politici s pr\u00e1vnikmi v z\u00e1lohe a eur\u00f3pske dot\u00e1cie<\/strong> \u2013 a st\u00e1le ni\u010d.<\/p>\n<ul>\n<li>Smer dokazuje, \u017ee by\u0165 pri moci nesta\u010d\u00ed \u2013 treba aj <strong>znalosti pravidiel<\/strong>, ktor\u00e9 maj\u00fa peniaze spr\u00edstupni\u0165.<\/li>\n<li>Dot\u00e1cie z Eur\u00f3py nie s\u00fa zadarmo, a ak pl\u00e1nujete projekty ako Smer, v\u00fdsledok je v\u017edy rovnak\u00fd: Brusel hovor\u00ed \u201cnie, nie a e\u0161te raz nie.\u201d<\/li>\n<\/ul>\n","protected":false},"excerpt":{"rendered":"<p>Smer sa pok\u00fasil \u010derpa\u0165 eurofondy na energopomoc, no Brusel zastavil pl\u00e1n. V\u00fdsmech pr\u00e1vnikov Smeru a ich neschopnosti dodr\u017eiava\u0165 eur\u00f3pske pravidl\u00e1. Slovensko m\u00e1 talent na kombin\u00e1ciu politick\u00e9ho teatr\u00e1lneho gesta a pr\u00e1vnej neschopnosti. Najnov\u0161\u00ed pr\u00edklad? Smer sa pok\u00fasil \u010derpa\u0165 eurofondy na energopomoc, no Brusel im povedal \u201cstop, toto nejde\u201d. Smer\u00e1ci a eur\u00f3pske pravidl\u00e1: V\u00fdsmech pr\u00e1vnikov a dot\u00e1ci\u00ed [&hellip;]<\/p>\n","protected":false},"author":1,"featured_media":0,"comment_status":"closed","ping_status":"open","sticky":false,"template":"","format":"standard","meta":{"footnotes":""},"categories":[5],"tags":[],"class_list":["post-30912","post","type-post","status-publish","format-standard","hentry","category-exo-news"],"_links":{"self":[{"href":"https:\/\/extraslovensko.sk\/spravy\/wp-json\/wp\/v2\/posts\/30912","targetHints":{"allow":["GET"]}}],"collection":[{"href":"https:\/\/extraslovensko.sk\/spravy\/wp-json\/wp\/v2\/posts"}],"about":[{"href":"https:\/\/extraslovensko.sk\/spravy\/wp-json\/wp\/v2\/types\/post"}],"author":[{"embeddable":true,"href":"https:\/\/extraslovensko.sk\/spravy\/wp-json\/wp\/v2\/users\/1"}],"replies":[{"embeddable":true,"href":"https:\/\/extraslovensko.sk\/spravy\/wp-json\/wp\/v2\/comments?post=30912"}],"version-history":[{"count":1,"href":"https:\/\/extraslovensko.sk\/spravy\/wp-json\/wp\/v2\/posts\/30912\/revisions"}],"predecessor-version":[{"id":30913,"href":"https:\/\/extraslovensko.sk\/spravy\/wp-json\/wp\/v2\/posts\/30912\/revisions\/30913"}],"wp:attachment":[{"href":"https:\/\/extraslovensko.sk\/spravy\/wp-json\/wp\/v2\/media?parent=30912"}],"wp:term":[{"taxonomy":"category","embeddable":true,"href":"https:\/\/extraslovensko.sk\/spravy\/wp-json\/wp\/v2\/categories?post=30912"},{"taxonomy":"post_tag","embeddable":true,"href":"https:\/\/extraslovensko.sk\/spravy\/wp-json\/wp\/v2\/tags?post=30912"}],"curies":[{"name":"wp","href":"https:\/\/api.w.org\/{rel}","templated":true}]}}