{"id":30917,"date":"2026-01-01T18:12:43","date_gmt":"2026-01-01T18:12:43","guid":{"rendered":"https:\/\/extraslovensko.sk\/spravy\/?p=30917"},"modified":"2026-01-05T10:47:30","modified_gmt":"2026-01-05T10:47:30","slug":"spotreba-energie-mac-mini-m4-vs-m2","status":"publish","type":"post","link":"https:\/\/extraslovensko.sk\/spravy\/spotreba-energie-mac-mini-m4-vs-m2\/","title":{"rendered":"Spotreba energie Mac mini M4 vs M2"},"content":{"rendered":"<p>Spotreba energie Mac mini M4 vs M2 pri rovnakej konfigur\u00e1cii RAM\/SSD. M4 Mac mini (2024) je v\u010faka 3nm procesu v\u00fdrazne efekt\u00edvnej\u0161\u00ed ako M2 (2023), najm\u00e4 v pomere v\u00fdkon\/watt. Pri rovnakom zat\u00ed\u017een\u00ed dosahuje vy\u0161\u0161\u00ed v\u00fdkon pri ni\u017e\u0161ej alebo podobnej spotrebe. Tu je preh\u013ead na z\u00e1klade re\u00e1lnych meran\u00ed (z recenzi\u00ed a benchmarkov ako Jeff Geerling, Ars Technica, NotebookCheck).<\/p>\n<h1>Spotreba energie Apple Mac mini<\/h1>\n<p>Idle (ne\u010dinnos\u0165, len desktop)<\/p>\n<p>M4: 3\u20135 W (\u010dasto okolo 4 W, niekedy a\u017e 2\u20136 W pod\u013ea pripojen\u00fdch zariaden\u00ed)<br \/>\nM2: 5\u20137 W (niekedy a\u017e 17 W s perif\u00e9riami)<br \/>\nRozdiel: M4 je o ~20\u201340 % \u00faspornej\u0161\u00ed \u2013 ide\u00e1lny na 24\/7 prev\u00e1dzku (server, NAS).<\/p>\n<p>\u013dahk\u00e9 \u00falohy (browsing, office, 4K video prehr\u00e1vanie)<\/p>\n<p>M4: 5\u201310 W<br \/>\nM2: 7\u201315 W<br \/>\nRozdiel: M4 \u0161etr\u00ed energiu, najm\u00e4 pri multim\u00e9di\u00e1ch.<\/p>\n<p>Pln\u00e9 za\u0165a\u017eenie (CPU\/GPU max, napr. render, video encoding, benchmarky)<\/p>\n<p>M4: 40\u201365 W (z\u00e1kladn\u00fd model; peak okolo 42\u201345 W pri vysokom v\u00fdkone)<br \/>\nM2: 30\u201350 W<br \/>\nRozdiel: M4 spotrebuje o nie\u010do viac (kv\u00f4li vy\u0161\u0161iemu v\u00fdkonu a taktovaniu), ale dosahuje o 30\u201350 % vy\u0161\u0161\u00ed v\u00fdkon, tak\u017ee je efekt\u00edvnej\u0161\u00ed (viac Gflops\/W alebo r\u00fdchlej\u0161ie dokon\u010denie \u00falohy pri ni\u017e\u0161ej celkovej energii).<\/p>\n<h2>Efektivita celkovo<\/h2>\n<p>M4 dosahuje a\u017e 6.7 Gflops\/W (oproti ~4 Gflops\/W u star\u0161\u00edch modelov) \u2013 najlep\u0161ia efektivita v hist\u00f3rii Apple Silicon.<br \/>\nPri rovnakej \u00falohe (napr. video kompresia) M4 spotrebuje menej energie celkovo, preto\u017ee ju dokon\u010d\u00ed r\u00fdchlej\u0161ie.<\/p>\n<p>Ak ti ide o n\u00edzku spotrebu (idle, be\u017en\u00e1 pr\u00e1ca), M4 vyhr\u00e1va. Pri \u0165a\u017ek\u00fdch \u00faloh\u00e1ch je o trochu sm\u00e4dnej\u0161\u00ed, ale v\u00fdrazne v\u00fdkonnej\u0161\u00ed a efekt\u00edvnej\u0161\u00ed \u2013 upgrade sa oplat\u00ed, najm\u00e4 ak plat\u00ed\u0161 za elektrinu alebo chce\u0161 tich\u00fd chod (ventil\u00e1tor sa to\u010d\u00ed menej). Oba modely s\u00fa extr\u00e9mne \u00fasporn\u00e9 oproti PC (desiatky a\u017e stovky W).<\/p>\n<p>Ak uva\u017eujete nad k\u00fapou M2 alebo M4 kupujte minim\u00e1lne 16 GB RAM, ke\u010f tam chcete ma\u0165 aj Windows 11, ale iba ARM verziu. Cez Paralles Desktop mus\u00edte to ma\u0165. Paralles Desktop rozdel\u00ed RAM na \u010dasti, ak \u010dasto Win 11, tak mu d\u00e1te 10 GB RAM zbytok pre Mac OS v pozadi.<\/p>\n<p>Tu nastane men\u0161\u00ed probl\u00e9m s licenciou na Paralles Desktop, je iba ro\u010dn\u00e1. Potom u\u017e 100% ceny = 100EU. Nekupujte to na na Alze napr\u00edklad, ani v SK shopoch, k\u00fapte to na materskej st\u00e1nke Paralles Desktop. <\/p>\n<p>Slovensko za 14 rokov Ficovl\u00e1dy Bodora skrachovalo. Na Amazone DE, k\u00fapite PC o 100 EU lacnej\u0161ie ako v SK shopoch. Je kone\u010dn\u00e1, nikto to u\u017e do poriadku ned\u00e1.<\/p>\n","protected":false},"excerpt":{"rendered":"<p>Spotreba energie Mac mini M4 vs M2 pri rovnakej konfigur\u00e1cii RAM\/SSD. M4 Mac mini (2024) je v\u010faka 3nm procesu v\u00fdrazne efekt\u00edvnej\u0161\u00ed ako M2 (2023), najm\u00e4 v pomere v\u00fdkon\/watt. Pri rovnakom zat\u00ed\u017een\u00ed dosahuje vy\u0161\u0161\u00ed v\u00fdkon pri ni\u017e\u0161ej alebo podobnej spotrebe. Tu je preh\u013ead na z\u00e1klade re\u00e1lnych meran\u00ed (z recenzi\u00ed a benchmarkov ako Jeff Geerling, Ars Technica, [&hellip;]<\/p>\n","protected":false},"author":1,"featured_media":0,"comment_status":"closed","ping_status":"open","sticky":false,"template":"","format":"standard","meta":{"footnotes":""},"categories":[5],"tags":[],"class_list":["post-30917","post","type-post","status-publish","format-standard","hentry","category-exo-news"],"_links":{"self":[{"href":"https:\/\/extraslovensko.sk\/spravy\/wp-json\/wp\/v2\/posts\/30917","targetHints":{"allow":["GET"]}}],"collection":[{"href":"https:\/\/extraslovensko.sk\/spravy\/wp-json\/wp\/v2\/posts"}],"about":[{"href":"https:\/\/extraslovensko.sk\/spravy\/wp-json\/wp\/v2\/types\/post"}],"author":[{"embeddable":true,"href":"https:\/\/extraslovensko.sk\/spravy\/wp-json\/wp\/v2\/users\/1"}],"replies":[{"embeddable":true,"href":"https:\/\/extraslovensko.sk\/spravy\/wp-json\/wp\/v2\/comments?post=30917"}],"version-history":[{"count":7,"href":"https:\/\/extraslovensko.sk\/spravy\/wp-json\/wp\/v2\/posts\/30917\/revisions"}],"predecessor-version":[{"id":30975,"href":"https:\/\/extraslovensko.sk\/spravy\/wp-json\/wp\/v2\/posts\/30917\/revisions\/30975"}],"wp:attachment":[{"href":"https:\/\/extraslovensko.sk\/spravy\/wp-json\/wp\/v2\/media?parent=30917"}],"wp:term":[{"taxonomy":"category","embeddable":true,"href":"https:\/\/extraslovensko.sk\/spravy\/wp-json\/wp\/v2\/categories?post=30917"},{"taxonomy":"post_tag","embeddable":true,"href":"https:\/\/extraslovensko.sk\/spravy\/wp-json\/wp\/v2\/tags?post=30917"}],"curies":[{"name":"wp","href":"https:\/\/api.w.org\/{rel}","templated":true}]}}