{"id":30994,"date":"2026-01-05T11:45:33","date_gmt":"2026-01-05T11:45:33","guid":{"rendered":"https:\/\/extraslovensko.sk\/spravy\/?p=30994"},"modified":"2026-01-09T18:37:12","modified_gmt":"2026-01-09T18:37:12","slug":"tepelne-problemy-u-gmktec-nucbox-m6-ultra","status":"publish","type":"post","link":"https:\/\/extraslovensko.sk\/spravy\/tepelne-problemy-u-gmktec-nucbox-m6-ultra\/","title":{"rendered":"Tepeln\u00e9 probl\u00e9my u GMKtec NucBox M6 Ultra"},"content":{"rendered":"<p>\nMini po\u010d\u00edta\u010de sa st\u00e1vaj\u00fa \u010doraz popul\u00e1rnej\u0161ie medzi pou\u017e\u00edvate\u013emi, ktor\u00ed chc\u00fa vysok\u00fd v\u00fdkon v kompaktnej kon\u0161trukcii. Jedn\u00fdm z tak\u00fdchto zariaden\u00ed je  vybaven\u00fd procesorom <strong>AMD Ryzen 5 7640HS<\/strong>, v\u00fdkonnou integrovanou grafikou Radeon 760M a bohatou konektivitou vr\u00e1tane Wi-Fi 6E, Bluetooth 5.2 a USB4 portu. Tento mini PC zvl\u00e1da kancel\u00e1rsku pr\u00e1cu, tvorbu obsahu, multim\u00e9di\u00e1 \u010di stredne n\u00e1ro\u010dn\u00e9 \u00falohy v\u010faka \u0161es\u0165jadrov\u00e9mu \u010dipu, 12 vl\u00e1knam a frekvencii a\u017e do 5,0 GHz, no vy\u0161\u0161\u00ed v\u00fdkon prin\u00e1\u0161a aj ot\u00e1zky t\u00fdkaj\u00face sa tepeln\u00e9ho mana\u017ementu.\n<\/p>\n<h1>Prehrievanie mini PC: Ako rie\u0161i\u0165 tepeln\u00e9 probl\u00e9my u <br \/>GMKtec NucBox M6 Ultra s AMD Ryzen 5 7640HS<\/h1>\n<h2>Pre\u010do sa mini PC zahrievaj\u00fa?<\/h2>\n<p>\nMini PC ako NucBox M6 Ultra s\u00fa postaven\u00e9 na princ\u00edpe maximaliz\u00e1cie v\u00fdkonu pri minim\u00e1lnom fyzickom rozmere. Na rozdiel od tradi\u010dn\u00fdch stolov\u00fdch po\u010d\u00edta\u010dov, ktor\u00e9 maj\u00fa priestor pre ve\u013ek\u00e9 chladiace \u017eebrovit\u00e9 chladi\u010de a nieko\u013eko ventil\u00e1torov, mini PC musia spolieha\u0165 na men\u0161ie chladenie a kompaktn\u00fd intern\u00fd priestor. Tento dizajn je ide\u00e1lny pre \u00fasporu miesta a tich\u00e9 pou\u017e\u00edvanie, no z\u00e1rove\u0148 vytv\u00e1ra v\u00fdzvy v oblasti rozpty\u013eovania tepla.\n<\/p>\n<p>\nProcesor **AMD Ryzen 5 7640HS** m\u00e1 TDP medzi 35 W a 50 W (a v niektor\u00fdch re\u017eimoch dokonca a\u017e do 54 W), \u010do znamen\u00e1, \u017ee pri vy\u0161\u0161ej z\u00e1\u0165a\u017ei produkuje ve\u013ek\u00e9 mno\u017estvo tepla. Okrem toho integrovan\u00e1 grafick\u00e1 jednotka Radeon 760M s architekt\u00farou RDNA 3 dodato\u010dne zvy\u0161uje tepeln\u00fa z\u00e1\u0165a\u017e pri graficky n\u00e1ro\u010dnej\u0161\u00edch \u00faloh\u00e1ch.\n<\/p>\n<h3>Fyzick\u00e9 limity mini PC<\/h3>\n<p>\nMini PC maj\u00fa nieko\u013eko inherentn\u00fdch obmedzen\u00ed, ktor\u00e9 ovplyv\u0148uj\u00fa ich schopnos\u0165 efekt\u00edvne chladi\u0165:\n<\/p>\n<ul>\n<li><strong>Mal\u00e9 ventil\u00e1tory<\/strong> \u2013 obmedzen\u00fd prietok vzduchu v porovnan\u00ed s v\u00e4\u010d\u0161\u00edmi chladiacimi syst\u00e9mami.<\/li>\n<li><strong>\u00dazky intern\u00fd priestor<\/strong> \u2013 komponenty s\u00fa umiestnen\u00e9 ve\u013emi bl\u00edzko seba, \u010do zni\u017euje cirkul\u00e1ciu vzduchu.<\/li>\n<li><strong>V\u00fdkonn\u00e9 \u010dipy v malom tele<\/strong> \u2013 vysok\u00fd v\u00fdkon pri minim\u00e1lnom objeme zvy\u0161uje koncentr\u00e1ciu tepla. <\/li>\n<\/ul>\n<p>\nTieto faktory znamenaj\u00fa, \u017ee pri n\u00e1ro\u010dnej pr\u00e1ci m\u00f4\u017eu teploty r\u00e1s\u0165 r\u00fdchlej\u0161ie ne\u017e pri be\u017en\u00fdch stoln\u00fdch po\u010d\u00edta\u010doch alebo v\u00e4\u010d\u0161\u00edch notebookoch \u2013 obzvl\u00e1\u0161\u0165 ak je zariadenie umiestnen\u00e9 v uzavretom priestore bez dostato\u010dn\u00e9ho pr\u00fadenia vzduchu.\n<\/p>\n<h2>Ako rozozna\u0165 prehrievanie<\/h2>\n<p>\nNie je nezvy\u010dajn\u00e9, \u017ee pri n\u00e1ro\u010dnej pr\u00e1ci procesor alebo integrovan\u00e1 grafika pracuj\u00fa pri vy\u0161\u0161\u00edch teplot\u00e1ch \u2013 to je normalizovan\u00e9 a o\u010dak\u00e1van\u00e9. D\u00f4le\u017eit\u00e9 je rozl\u00ed\u0161i\u0165 be\u017en\u00e9 zahrievanie od stavu, ktor\u00fd m\u00f4\u017ee ohrozi\u0165 hardv\u00e9r alebo ovplyvni\u0165 v\u00fdkon.\n<\/p>\n<p><a href=\"\/must\/have.php?side=sear\"><img decoding=\"async\" class=\"cento\" src=\"\/image\/geek.jpg\" alt=\"Mini PC, Procesory Ryzen, Intel, Ninker, Chuwi, Minix, AOOSTAR\"><\/a><\/p>\n<h3>Be\u017en\u00e9 a alarmuj\u00face sympt\u00f3my<\/h3>\n<p>\nMedzi naj\u010dastej\u0161ie prejavy prehrievania patria:\n<\/p>\n<ul>\n<li><strong>Hor\u00faci povrch<\/strong> \u2013 ak je telo mini PC zna\u010dne hor\u00face u\u017e pri be\u017enej pr\u00e1ci.<\/li>\n<li><strong>Hlu\u010dn\u00fd ventil\u00e1tor<\/strong> \u2013 ventil\u00e1tor be\u017e\u00ed na vysok\u00e9 ot\u00e1\u010dky dlhodobo aj pri miernej z\u00e1\u0165a\u017ei.<\/li>\n<li><strong>Pokles v\u00fdkonu<\/strong> \u2013 syst\u00e9m automaticky zni\u017euje taktovanie CPU\/GPU (thermal throttling).<\/li>\n<li><strong>N\u00e1hle re\u0161tarty alebo vypnutie<\/strong> \u2013 pri extr\u00e9mnom prehriat\u00ed sa zariadenie m\u00f4\u017ee automaticky vypn\u00fa\u0165. <\/li>\n<\/ul>\n<p>\nAk sa tieto pr\u00edznaky objavuj\u00fa \u010dasto, znamen\u00e1 to, \u017ee chladiaci syst\u00e9m nedok\u00e1\u017ee odvedie\u0165 dostato\u010dn\u00e9 mno\u017estvo tepla, \u010do m\u00f4\u017ee vies\u0165 k probl\u00e9mom so stabilitou a v\u00fdkonov\u00e9mu \u00fatlmu.\n<\/p>\n<h2>Pre\u010do prehrievanie ovplyv\u0148uje v\u00fdkon a \u017eivotnos\u0165<\/h2>\n<p>\nKe\u010f sa teplota komponentov dostane nad bezpe\u010dn\u00fa hranicu, doch\u00e1dza k ochrann\u00fdm mechanizmom ako **thermal throttling** \u2013 procesor a grafika zni\u017euj\u00fa svoju frekvenciu, aby zn\u00ed\u017eili produkciu tepla. To vedie k zn\u00ed\u017eeniu v\u00fdkonu, \u010do je najviac vidite\u013en\u00e9 pri n\u00e1ro\u010dn\u00fdch aplik\u00e1ci\u00e1ch. <\/p>\n<p>\nNavy\u0161e, dlhodob\u00e9 vystavenie vysok\u00fdm teplot\u00e1m m\u00f4\u017ee ur\u00fdchli\u0165 opotrebovanie elektronick\u00fdch s\u00fa\u010diastok. Elektronick\u00e9 obvody s\u00fa navrhnut\u00e9 na optim\u00e1lnu prev\u00e1dzku v konkr\u00e9tnom teplotnom rozsahu, a ke\u010f s\u00fa \u010dasto prekra\u010dovan\u00e9, m\u00f4\u017ee to vies\u0165 k skr\u00e1teniu \u017eivotnosti procesora, pam\u00e4\u0165ov\u00fdch modulov alebo SSD. <\/p>\n<h2>Praktick\u00e9 kroky na zn\u00ed\u017eenie prehrievania<\/h2>\n<p>\nExistuje nieko\u013eko praktick\u00fdch opatren\u00ed, ktor\u00e9 m\u00f4\u017ee\u0161 urobi\u0165, aby si zlep\u0161il tepeln\u00fd mana\u017ement mini PC a udr\u017eal ho v optim\u00e1lnej prev\u00e1dzke aj pri n\u00e1ro\u010dn\u00fdch \u00faloh\u00e1ch:\n<\/p>\n<h3>1. Spr\u00e1vne umiestnenie zariadenia<\/h3>\n<p>\nUmiestnenie mini PC m\u00e1 ve\u013ek\u00fd vplyv na jeho schopnos\u0165 odv\u00e1dza\u0165 teplo. Odpor\u00fa\u010da sa:\n<\/p>\n<ul>\n<li>ma\u0165 vo\u013en\u00fd priestor minim\u00e1lne 10\u201315 cm okolo v\u0161etk\u00fdch str\u00e1n zariadenia,<\/li>\n<li>neumiest\u0148ova\u0165 ho do uzavret\u00fdch pol\u00edc alebo skr\u00ed\u0148, ktor\u00e9 br\u00e1nia cirkul\u00e1cii vzduchu,<\/li>\n<li>dba\u0165 na to, aby prieduchy ventil\u00e1torov neboli zakryt\u00e9 knihami alebo in\u00fdmi predmetmi.<\/li>\n<\/ul>\n<p>\nT\u00fdmto sp\u00f4sobom zabezpe\u010d\u00ed\u0161, \u017ee chladenie bude ma\u0165 pr\u00edstup k \u010derstv\u00e9mu vzduchu a nebude sa prehrieva\u0165 pri dlhodobej z\u00e1\u0165a\u017ei.\n<\/p>\n<h3>2. Pravideln\u00e9 \u010distenie a \u00fadr\u017eba<\/h3>\n<p>\nV priebehu pou\u017e\u00edvania sa vo vn\u00fatri m\u00f4\u017eu nahromadi\u0165 prach a ne\u010distoty, ktor\u00e9 obmedzuj\u00fa pr\u00fadenie vzduchu a zni\u017euj\u00fa \u00fa\u010dinnos\u0165 ventil\u00e1torov. Pravideln\u00e9 \u010distenie mrie\u017eok a ventil\u00e1torov pomocou stla\u010den\u00e9ho vzduchu m\u00f4\u017ee v\u00fdrazne zlep\u0161i\u0165 prietok vzduchu a zn\u00ed\u017ei\u0165 prev\u00e1dzkov\u00e9 teploty. <\/p>\n<p>\nOdpor\u00fa\u010da sa \u010disti\u0165 zariadenie aspo\u0148 raz za tri a\u017e \u0161es\u0165 mesiacov, najm\u00e4 ak sa pou\u017e\u00edva v pra\u0161nom prostred\u00ed.\n<\/p>\n<h3>3. Extern\u00e9 chladenie a doplnky<\/h3>\n<p>\nAj ke\u010f mini PC m\u00e1 vlastn\u00e9 akt\u00edvne chladenie, pridanie extern\u00fdch rie\u0161en\u00ed m\u00f4\u017ee pom\u00f4c\u0165:\n<\/p>\n<ul>\n<li>chladiaca podlo\u017eka s ventil\u00e1tormi,<\/li>\n<li>kovov\u00e1 podlo\u017eka s lep\u0161ou tepelnou vodivos\u0165ou pod zariaden\u00edm,<\/li>\n<li>umiestnenie zariadenia na stojan, ktor\u00fd umo\u017en\u00ed lep\u0161ie cirkulovanie vzduchu zo spodnej aj hornej strany.<\/li>\n<\/ul>\n<p>\nTieto doplnky s\u00fa zvl\u00e1\u0161\u0165 u\u017eito\u010dn\u00e9 pri dlhodobom vyu\u017e\u00edvan\u00ed n\u00e1ro\u010dn\u00fdch aplik\u00e1ci\u00ed alebo pri hran\u00ed hier, kde teplota st\u00fapa po\u010das nieko\u013ek\u00fdch hod\u00edn nepretr\u017eitej pr\u00e1ce.\n<\/p>\n<h3>4. Monitorovanie a softv\u00e9rov\u00e1 optimaliz\u00e1cia<\/h3>\n<p>\nSoftv\u00e9r be\u017eiaci na pozad\u00ed m\u00f4\u017ee zvy\u0161ova\u0165 z\u00e1\u0165a\u017e CPU aj vtedy, ke\u010f to nie je o\u010dividn\u00e9. Preto je dobr\u00e9:\n<\/p>\n<ul>\n<li>pou\u017e\u00edva\u0165 n\u00e1stroje na monitorovanie teploty a za\u0165a\u017eenia ako HWMonitor \u010di Core Temp,<\/li>\n<li>ukon\u010di\u0165 nepotrebn\u00e9 aplik\u00e1cie be\u017eiace na pozad\u00ed, ktor\u00e9 zvy\u0161uj\u00fa vyu\u017eitie CPU,<\/li>\n<li>aktualizova\u0165 ovl\u00e1da\u010de a syst\u00e9mov\u00e9 aktualiz\u00e1cie pre lep\u0161iu optimaliz\u00e1ciu v\u00fdkonu a tepla.<\/li>\n<\/ul>\n<h2>Kedy kontaktova\u0165 odborn\u00edka<\/h2>\n<p>\nAk aj po dodr\u017ean\u00ed vy\u0161\u0161ie uveden\u00fdch krokov zost\u00e1vaj\u00fa teploty vysok\u00e9, ventil\u00e1tory pracuj\u00fa neprimerane hlasno alebo sa v\u00fdkon st\u00e1le v\u00fdrazne zni\u017euje pri be\u017en\u00fdch \u00faloh\u00e1ch, m\u00f4\u017ee \u00eds\u0165 o probl\u00e9m so samotn\u00fdm hardv\u00e9rom alebo chladiacim syst\u00e9mom. V tak\u00fdchto pr\u00edpadoch je vhodn\u00e9 kontaktova\u0165 autorizovan\u00fd servis, ktor\u00fd m\u00f4\u017ee vykona\u0165 diagnostiku a navrhn\u00fa\u0165 rie\u0161enie \u2013 napr\u00edklad v\u00fdmenu ventil\u00e1tora \u010di preaplika\u010dn\u00fa tepeln\u00fa pastu.\n<\/p>\n<h2> Sustained v\u00fdkon a teplo id\u00fa ruka v ruke<\/h2>\n<p>V\u00fdkonn\u00fd mini PC navrhnut\u00fd tak, aby zvl\u00e1dal multitasking, kancel\u00e1rsku pr\u00e1cu, tvorbu obsahu i modernej\u0161ie aplik\u00e1cie v kompaktnom tele. Av\u0161ak aj pri takomto v\u00fdkone je efekt\u00edvne tepeln\u00e9 riadenie k\u013e\u00fa\u010dov\u00e9 pre stabiln\u00fa prev\u00e1dzku. Porozumenie pr\u00ed\u010din\u00e1m prehrievania, rozpoznanie jeho prejavov a realiz\u00e1cia praktick\u00fdch opatren\u00ed \u2013 od umiestnenia cez \u00fadr\u017ebu a\u017e po softv\u00e9rov\u00fa optimaliz\u00e1ciu \u2013 ti pom\u00f4\u017eu udr\u017ea\u0165 zariadenie chladn\u00e9, tich\u00e9 a s optim\u00e1lnym v\u00fdkonom.<\/p>\n","protected":false},"excerpt":{"rendered":"<p>Mini po\u010d\u00edta\u010de sa st\u00e1vaj\u00fa \u010doraz popul\u00e1rnej\u0161ie medzi pou\u017e\u00edvate\u013emi, ktor\u00ed chc\u00fa vysok\u00fd v\u00fdkon v kompaktnej kon\u0161trukcii. Jedn\u00fdm z tak\u00fdchto zariaden\u00ed je vybaven\u00fd procesorom AMD Ryzen 5 7640HS, v\u00fdkonnou integrovanou grafikou Radeon 760M a bohatou konektivitou vr\u00e1tane Wi-Fi 6E, Bluetooth 5.2 a USB4 portu. Tento mini PC zvl\u00e1da kancel\u00e1rsku pr\u00e1cu, tvorbu obsahu, multim\u00e9di\u00e1 \u010di stredne n\u00e1ro\u010dn\u00e9 \u00falohy [&hellip;]<\/p>\n","protected":false},"author":1,"featured_media":0,"comment_status":"closed","ping_status":"open","sticky":false,"template":"","format":"standard","meta":{"footnotes":""},"categories":[5],"tags":[],"class_list":["post-30994","post","type-post","status-publish","format-standard","hentry","category-exo-news"],"_links":{"self":[{"href":"https:\/\/extraslovensko.sk\/spravy\/wp-json\/wp\/v2\/posts\/30994","targetHints":{"allow":["GET"]}}],"collection":[{"href":"https:\/\/extraslovensko.sk\/spravy\/wp-json\/wp\/v2\/posts"}],"about":[{"href":"https:\/\/extraslovensko.sk\/spravy\/wp-json\/wp\/v2\/types\/post"}],"author":[{"embeddable":true,"href":"https:\/\/extraslovensko.sk\/spravy\/wp-json\/wp\/v2\/users\/1"}],"replies":[{"embeddable":true,"href":"https:\/\/extraslovensko.sk\/spravy\/wp-json\/wp\/v2\/comments?post=30994"}],"version-history":[{"count":2,"href":"https:\/\/extraslovensko.sk\/spravy\/wp-json\/wp\/v2\/posts\/30994\/revisions"}],"predecessor-version":[{"id":31051,"href":"https:\/\/extraslovensko.sk\/spravy\/wp-json\/wp\/v2\/posts\/30994\/revisions\/31051"}],"wp:attachment":[{"href":"https:\/\/extraslovensko.sk\/spravy\/wp-json\/wp\/v2\/media?parent=30994"}],"wp:term":[{"taxonomy":"category","embeddable":true,"href":"https:\/\/extraslovensko.sk\/spravy\/wp-json\/wp\/v2\/categories?post=30994"},{"taxonomy":"post_tag","embeddable":true,"href":"https:\/\/extraslovensko.sk\/spravy\/wp-json\/wp\/v2\/tags?post=30994"}],"curies":[{"name":"wp","href":"https:\/\/api.w.org\/{rel}","templated":true}]}}