{"id":31037,"date":"2026-01-06T16:53:05","date_gmt":"2026-01-06T16:53:05","guid":{"rendered":"https:\/\/extraslovensko.sk\/spravy\/?p=31037"},"modified":"2026-01-06T16:53:05","modified_gmt":"2026-01-06T16:53:05","slug":"premenime-vodu-na-vino-lebo-evanjelium-a-preceda-je-brimovany","status":"publish","type":"post","link":"https:\/\/extraslovensko.sk\/spravy\/premenime-vodu-na-vino-lebo-evanjelium-a-preceda-je-brimovany\/","title":{"rendered":"Premen\u00edme vodu na v\u00edno, lebo evanjelium a preceda je brimovan\u00fd"},"content":{"rendered":"<p>Ak by existovala biblick\u00e1 discipl\u00edna s n\u00e1zvom \u201eteol\u00f3gia namiesto reality\u201c, J\u00e1novo evanjelium by bolo jej povinnou literat\u00farou. Zo \u0161tyroch evanjeli\u00ed Nov\u00e9ho z\u00e1kona je pr\u00e1ve J\u00e1n t\u00fdm, ktor\u00e9 m\u00e1 s hist\u00f3riou spolo\u010dn\u00e9 asi to\u013eko, \u010do predvolebn\u00fd s\u013eub s realitou po vo\u013eb\u00e1ch. Napriek tomu \u2013 alebo pr\u00e1ve preto \u2013 je mimoriadne ob\u013e\u00faben\u00e9 u \u013eud\u00ed, ktor\u00ed inak o viere hovoria s poh\u0155dan\u00edm, no 6. janu\u00e1ra si radi spomen\u00fa, \u017ee existuj\u00fa kamery, sviatky a n\u00e1bo\u017eensk\u00e9 publikum.<\/p>\n<h1>Premen\u00edme vodu na v\u00edno, lebo evanjelium <\/h1>\n<h2>1. Evanjelium nap\u00edsan\u00e9, ke\u010f si u\u017e nikto ni\u010d presne nepam\u00e4tal<\/h2>\n<p>J\u00e1novo evanjelium vzniklo pribli\u017ene na konci 1. storo\u010dia, teda v \u010dase, ke\u010f bol Je\u017ei\u0161 m\u0155tvy u\u017e cel\u00e9 gener\u00e1cie. To je zhruba tak\u00fd odstup, ako keby dnes niekto p\u00edsal presn\u00fd psychologick\u00fd portr\u00e9t J\u00e1na Koll\u00e1ra na z\u00e1klade \u00fastnej trad\u00edcie zo svadieb a kr\u010diem.<\/p>\n<p>Autor J\u00e1na nebol o\u010dit\u00fdm svedkom. Nebol ani druh\u00fdm o\u010dit\u00fdm svedkom. Nebol dokonca ani tret\u00edm. Bol produktom komunity, ktor\u00e1 u\u017e d\u00e1vno prestala rie\u0161i\u0165, \u010do sa stalo, a za\u010dala rie\u0161i\u0165, \u010do by sa malo veri\u0165. Historick\u00e1 pam\u00e4\u0165 bola nahraden\u00e1 teologick\u00fdm marketingom.<\/p>\n<h2>2. Je\u017ei\u0161 ako filozofick\u00fd influencer<\/h2>\n<p>V synoptick\u00fdch evanjeli\u00e1ch Je\u017ei\u0161 rozpr\u00e1va v kr\u00e1tkych podobenstv\u00e1ch, h\u00e1da sa s farizejmi a odpoved\u00e1 vyh\u00fdbavo. V J\u00e1novi sa z neho zrazu st\u00e1va helenistick\u00fd filozof s dokonalou dikciou, ktor\u00fd rozd\u00e1va existenci\u00e1lne monol\u00f3gy dlh\u0161ie ne\u017e tla\u010dov\u00e9 konferencie po zasadnut\u00ed vl\u00e1dy.<\/p>\n<p>\u201eJa som svetlo sveta.\u201c<br \/>\n\u201eJa som cesta, pravda a \u017eivot.\u201c<br \/>\n\u201eJa som\u2026\u201c<\/p>\n<p>Ak by niekto v Galilei v roku 30 n. l. hovoril t\u00fdmto \u0161t\u00fdlom, skon\u010dil by bu\u010f v bl\u00e1zinci, alebo by mu nikto nerozumel. Tento jazyk nepatr\u00ed do vidieckeho \u017eidovsk\u00e9ho prostredia, ale do filozofick\u00fdch \u0161k\u00f4l v Efeze \u2013 teda presne tam, kde J\u00e1novo evanjelium pravdepodobne vzniklo.<\/p>\n<h2>3. Logos namiesto reality<\/h2>\n<p>Sl\u00e1vny \u00favod \u201eNa po\u010diatku bolo Slovo\u201c je liter\u00e1rne p\u00f4sobiv\u00fd, historicky nulov\u00fd. Logos je pojem z gr\u00e9ckej filozofie, nie z ryb\u00e1rskych siet\u00ed pri Galilejskom jazere. Je to d\u00f4kaz, \u017ee autor nep\u00ed\u0161e o Je\u017ei\u0161ovi, ak\u00e9ho by sme mohli historicky sk\u00fama\u0165, ale o Je\u017ei\u0161ovi, ak\u00e9ho komunita potrebovala.<\/p>\n<p>J\u00e1n nep\u00ed\u0161e dejiny. J\u00e1n p\u00ed\u0161e vierou\u010dn\u00fd manifest. A rob\u00ed to otvorene, bez hanby. Historik v tom nevid\u00ed probl\u00e9m \u2013 probl\u00e9m vznik\u00e1 a\u017e vtedy, ke\u010f sa to vyd\u00e1va za fakt.<\/p>\n<h2>4. \u010casov\u00e1 os, ktor\u00e1 sl\u00fa\u017ei symbolike<\/h2>\n<p>V J\u00e1novi Je\u017ei\u0161 zomiera presne vtedy, ke\u010f sa zab\u00edjaj\u00fa ve\u013ekono\u010dn\u00e9 bar\u00e1nky. Nie preto, \u017ee by to tak historicky vy\u0161lo, ale preto, \u017ee to vyzer\u00e1 dobre v teologickej metafore. Realita ide bokom, symbol ide dopredu.<\/p>\n<p>O\u010distenie chr\u00e1mu? Na za\u010diatku pr\u00edbehu. Pre\u010do? Lebo sa to hod\u00ed. Posledn\u00e1 ve\u010dera? Nie je pasch\u00e1lna. Pre\u010do? Lebo by to kazilo obraz bar\u00e1nka. J\u00e1n je scen\u00e1rista, nie kronik\u00e1r.<\/p>\n<h2>5. Z\u00e1zraky ako PR kampa\u0148<\/h2>\n<p>J\u00e1n otvorene prizn\u00e1va, \u017ee z\u00e1zraky s\u00fa \u201eznamenia\u201c. Nie udalosti, nie spr\u00e1vy, ale d\u00f4kazy tvrdenia. Premena vody na v\u00edno je ide\u00e1lny \u00favod: efektn\u00e1, neoverite\u013en\u00e1, chemicky nemo\u017en\u00e1 a symbolicky bohat\u00e1.<\/p>\n<p>Vrcholom je vzkriesenie Laz\u00e1ra \u2013 najv\u00e4\u010d\u0161\u00ed z\u00e1zrak, ktor\u00fd sa \u00fadajne stal, a z\u00e1rove\u0148 ten, o ktorom ostatn\u00ed evanjelisti akosi zabudli nap\u00edsa\u0165. Ak by niekto vstal z m\u0155tvych pred davom \u013eud\u00ed, je zvl\u00e1\u0161tne, \u017ee by to Marek, Mat\u00fa\u0161 aj Luk\u00e1\u0161 \u00faplne ignorovali.<\/p>\n<h2>6. Evanjelium pre komunitu, nie pre dejiny<\/h2>\n<p>J\u00e1novo evanjelium je produktom komunity v konflikte. Text je pln\u00fd nap\u00e4tia, ostr\u00fdch vyjadren\u00ed a \u010diernobieleho videnia sveta. \u201e\u017didia\u201c s\u00fa v \u0148om kolekt\u00edvnym nepriate\u013eom, nie historickou skupinou. Ide o projekciu neskor\u0161\u00edch sporov, nie o opis Je\u017ei\u0161ovej doby.<\/p>\n<p>To je \u010fal\u0161\u00ed d\u00f4vod, pre\u010do historici k J\u00e1novi pristupuj\u00fa opatrne. Text hovor\u00ed viac o kres\u0165anoch konca 1. storo\u010dia ne\u017e o Je\u017ei\u0161ovi z Nazareta.<\/p>\n<h2>7. A teraz 6. janu\u00e1r: ateizmus na kamery<\/h2>\n<p>Cel\u00e1 situ\u00e1cia dost\u00e1va groteskn\u00fd rozmer, ke\u010f sa J\u00e1novo evanjelium a jeho symbolika objavuj\u00fa v \u00fastach politikov, ktor\u00ed inak n\u00e1bo\u017eenstvo pova\u017euj\u00fa za folkl\u00f3r. Ateista, ktor\u00fd zvy\u0161n\u00fdch 364 dn\u00ed ml\u010d\u00ed, no na Troch kr\u00e1\u013eov zrazu objavuje duchovn\u00e9 korene, nie je konvertita \u2013 je realista so zmyslom pre PR.<\/p>\n<p>Oslavova\u0165 6. janu\u00e1r bez viery je presne v duchu J\u00e1novho evanjelia: forma bez reality, symbol bez obsahu, slov\u00e1 bez historick\u00e9ho z\u00e1kladu. Logos bez logiky.<\/p>\n<h2>8. Z\u00e1ver: kr\u00e1sna literat\u00fara, slab\u00e1 hist\u00f3ria<\/h2>\n<p>J\u00e1novo evanjelium je p\u00f4sobiv\u00e9, poetick\u00e9 a siln\u00e9. Ako liter\u00e1rne dielo funguje v\u00fdborne. Ako historick\u00fd zdroj zlyh\u00e1va. Nie preto, \u017ee by autor klamal, ale preto, \u017ee mu na hist\u00f3rii jednoducho nez\u00e1le\u017ealo.<\/p>\n<p>A to je presne d\u00f4vod, pre\u010do je tak\u00e9 pou\u017eite\u013en\u00e9. Ka\u017ed\u00fd si z neho m\u00f4\u017ee vybra\u0165 to, \u010do sa mu hod\u00ed \u2013 veriaci metaforu, politik sviatok, ateista vo\u013eno z pr\u00e1ce. Historick\u00fd Je\u017ei\u0161 v tom celom u\u017e d\u00e1vno zmizol.<\/p>\n<p>Ak ho chceme h\u013eada\u0165, J\u00e1n nie je spr\u00e1vna adresa. Ak v\u0161ak h\u013ead\u00e1me d\u00f4kaz, \u017ee aj viera sa d\u00e1 robi\u0165 ako marketing, potom je J\u00e1novo evanjelium majstrovsk\u00fd kus.<\/p>\n","protected":false},"excerpt":{"rendered":"<p>Ak by existovala biblick\u00e1 discipl\u00edna s n\u00e1zvom \u201eteol\u00f3gia namiesto reality\u201c, J\u00e1novo evanjelium by bolo jej povinnou literat\u00farou. Zo \u0161tyroch evanjeli\u00ed Nov\u00e9ho z\u00e1kona je pr\u00e1ve J\u00e1n t\u00fdm, ktor\u00e9 m\u00e1 s hist\u00f3riou spolo\u010dn\u00e9 asi to\u013eko, \u010do predvolebn\u00fd s\u013eub s realitou po vo\u013eb\u00e1ch. Napriek tomu \u2013 alebo pr\u00e1ve preto \u2013 je mimoriadne ob\u013e\u00faben\u00e9 u \u013eud\u00ed, ktor\u00ed inak o [&hellip;]<\/p>\n","protected":false},"author":1,"featured_media":0,"comment_status":"closed","ping_status":"open","sticky":false,"template":"","format":"standard","meta":{"footnotes":""},"categories":[10],"tags":[],"class_list":["post-31037","post","type-post","status-publish","format-standard","hentry","category-paranormalne-javy-vyskumy-na-poli-ludskeho-vedomia-a-jeho-sily"],"_links":{"self":[{"href":"https:\/\/extraslovensko.sk\/spravy\/wp-json\/wp\/v2\/posts\/31037","targetHints":{"allow":["GET"]}}],"collection":[{"href":"https:\/\/extraslovensko.sk\/spravy\/wp-json\/wp\/v2\/posts"}],"about":[{"href":"https:\/\/extraslovensko.sk\/spravy\/wp-json\/wp\/v2\/types\/post"}],"author":[{"embeddable":true,"href":"https:\/\/extraslovensko.sk\/spravy\/wp-json\/wp\/v2\/users\/1"}],"replies":[{"embeddable":true,"href":"https:\/\/extraslovensko.sk\/spravy\/wp-json\/wp\/v2\/comments?post=31037"}],"version-history":[{"count":1,"href":"https:\/\/extraslovensko.sk\/spravy\/wp-json\/wp\/v2\/posts\/31037\/revisions"}],"predecessor-version":[{"id":31038,"href":"https:\/\/extraslovensko.sk\/spravy\/wp-json\/wp\/v2\/posts\/31037\/revisions\/31038"}],"wp:attachment":[{"href":"https:\/\/extraslovensko.sk\/spravy\/wp-json\/wp\/v2\/media?parent=31037"}],"wp:term":[{"taxonomy":"category","embeddable":true,"href":"https:\/\/extraslovensko.sk\/spravy\/wp-json\/wp\/v2\/categories?post=31037"},{"taxonomy":"post_tag","embeddable":true,"href":"https:\/\/extraslovensko.sk\/spravy\/wp-json\/wp\/v2\/tags?post=31037"}],"curies":[{"name":"wp","href":"https:\/\/api.w.org\/{rel}","templated":true}]}}