{"id":31039,"date":"2026-01-06T17:01:02","date_gmt":"2026-01-06T17:01:02","guid":{"rendered":"https:\/\/extraslovensko.sk\/spravy\/?p=31039"},"modified":"2026-01-06T17:01:02","modified_gmt":"2026-01-06T17:01:02","slug":"traja-krali-jedna-koruna-a-nekonecny-premier","status":"publish","type":"post","link":"https:\/\/extraslovensko.sk\/spravy\/traja-krali-jedna-koruna-a-nekonecny-premier\/","title":{"rendered":"Traja kr\u00e1li, jedna koruna a nekone\u010dn\u00fd premi\u00e9r"},"content":{"rendered":"<p>Traja kr\u00e1li, 6. janu\u00e1ra, jedna koruna a nekone\u010dn\u00fd premi\u00e9r, \u010dist\u00fd paramormal activity.  Na Slovensku m\u00e1me zvl\u00e1\u0161tny politick\u00fd jav: raz do roka, presne 6. janu\u00e1ra, sa z krajiny sekul\u00e1rnych pragmatikov, cynick\u00fdch realistov a profesion\u00e1lnych ateistov st\u00e1va hlboko duchovn\u00fd \u0161t\u00e1t. Politici, ktor\u00ed zvy\u0161ok roka nevedia, kde sa v kostole zap\u00edna svetlo, zrazu objavuj\u00fa Troch kr\u00e1\u013eov, kadidlo, myrhu a najm\u00e4 kamery. <\/p>\n<h1>Traja kr\u00e1li, jedna koruna a nekone\u010dn\u00fd premi\u00e9r<\/h1>\n<p>Nie je to viera. Je to sez\u00f3nny folkl\u00f3r. Politick\u00fd betlehem bez die\u0165a\u0165a, zato s tla\u010dovou spr\u00e1vou.<\/p>\n<h2>Sviatok, ktor\u00fd funguje lep\u0161ie ne\u017e \u00fastava<\/h2>\n<p>Traja kr\u00e1li s\u00fa ide\u00e1lny sviatok. Netreba ni\u010d vysvet\u013eova\u0165, netreba veri\u0165, sta\u010d\u00ed sa postavi\u0165 pred mikrof\u00f3n a poveda\u0165 nie\u010do o trad\u00edci\u00e1ch, kore\u0148och a hodnot\u00e1ch. Slov\u00e1, ktor\u00e9 ni\u010d neznamenaj\u00fa, ale znej\u00fa dostato\u010dne v\u00e1\u017ene, aby ich nebolo treba rozobera\u0165.<\/p>\n<p>A tak ka\u017ed\u00fd rok sledujeme rovnak\u00e9 divadlo: politici, ktor\u00ed inak tvrdia, \u017ee \u0161t\u00e1t m\u00e1 by\u0165 neutr\u00e1lny, zrazu objavuj\u00fa duchovno. T\u00ed, ktor\u00ed be\u017ene pova\u017euj\u00fa veriacich za voli\u010dsk\u00fa skupinu, nie za \u013eud\u00ed, sa na jeden de\u0148 menia na mudrcov z v\u00fdchodu. Rozdiel je len v tom, \u017ee namiesto darov prin\u00e1\u0161aj\u00fa pr\u00e1zdne fr\u00e1zy.<\/p>\n<h2>Traja kr\u00e1li vs. jeden kr\u00e1\u013e<\/h2>\n<p>Cel\u00e1 t\u00e1to oslava by bola len ne\u0161kodnou fra\u0161kou, keby nemala jednu z\u00e1sadn\u00fa disproporciu: zatia\u013e \u010do Traja kr\u00e1li pri\u0161li, poklonili sa a odi\u0161li, na Slovensku m\u00e1me kr\u00e1\u013ea, ktor\u00fd prich\u00e1dza, poklonu o\u010dak\u00e1va a neodch\u00e1dza. U\u017e \u0161trn\u00e1s\u0165 rokov.<\/p>\n<p>Robert Fico je v tomto pr\u00edbehu jedin\u00fd, kto berie kr\u00e1\u013eovsk\u00fa rolu v\u00e1\u017ene. Nie symbolicky, ale prakticky. Korunu s\u00edce nenos\u00ed, ale spr\u00e1va sa, akoby bola dedi\u010dn\u00e1. Vl\u00e1da sa men\u00ed, koal\u00edcie sa rozpadaj\u00fa, no kr\u00e1\u013e sa v\u017edy nejak\u00fdm sp\u00f4sobom vr\u00e1ti na tr\u00f3n. Ak nie rovno, tak aspo\u0148 cez zadn\u00fd vchod.<\/p>\n<p>Traja kr\u00e1li mali hviezdu. Tento m\u00e1 prieskumy.<\/p>\n<h2>Ateisti na sviatky<\/h2>\n<p>Osobitnou kapitolou s\u00fa politici, ktor\u00ed sa inak otvorene hl\u00e1sia k ateizmu, racionalite a modern\u00e9mu \u0161t\u00e1tu, no 6. janu\u00e1ra objavuj\u00fa duchovn\u00fd rozmer. Nie preto, \u017ee by na\u0161li Boha, ale preto, \u017ee na\u0161li pr\u00edle\u017eitos\u0165.<\/p>\n<p>Je to zvl\u00e1\u0161tny druh viery: bez Boha, bez z\u00e1v\u00e4zkov, bez pochybnost\u00ed. Viera, ktor\u00e1 funguje len vtedy, ke\u010f je de\u0148 pracovn\u00e9ho pokoja a m\u00e9di\u00e1 h\u013eadaj\u00fa cit\u00e1t. Viera, ktor\u00fa netreba \u017ei\u0165, sta\u010d\u00ed ju odkomunikova\u0165.<\/p>\n<p>Ak by sa Troch kr\u00e1\u013eov p\u00fdtali na vieru t\u00fdchto politikov, pravdepodobne by odi\u0161li sk\u00f4r, ne\u017e by stihli zaplati\u0165 parkovanie.<\/p>\n<h2>Betlehem ako tla\u010dov\u00e9 oddelenie<\/h2>\n<p>Cel\u00e9 to pripom\u00edna zle zre\u017e\u00edrovan\u00e9 divadlo. Ka\u017ed\u00fd m\u00e1 svoju rolu: jeden hovor\u00ed o trad\u00edci\u00e1ch, druh\u00fd o n\u00e1rode, tret\u00ed o pokoji. Nikto v\u0161ak nepovie ni\u010d konkr\u00e9tne. Lebo konkr\u00e9tnos\u0165 by mohla znamena\u0165 zodpovednos\u0165.<\/p>\n<p>V tejto politickej verzii betlehema ch\u00fdba die\u0165a. Nie Je\u017ei\u0161, ale oby\u010dajn\u00fd \u010dlovek. Voli\u010d. Ten je d\u00f4le\u017eit\u00fd len ako publikum, nie ako s\u00fa\u010das\u0165 pr\u00edbehu.<\/p>\n<h2>Kr\u00e1\u013e, ktor\u00fd nikdy neodch\u00e1dza<\/h2>\n<p>Najv\u00e4\u010d\u0161ia ir\u00f3nia osl\u00e1v Troch kr\u00e1\u013eov na Slovensku je v tom, \u017ee ich hlavn\u00e9 posolstvo \u2013 pokora a do\u010dasnos\u0165 moci \u2013 sa systematicky ignoruje. Traja kr\u00e1li nevl\u00e1dli, neostali, nevybudovali si stran\u00edcke \u0161trukt\u00fary. Pri\u0161li, uznali autoritu a odi\u0161li.<\/p>\n<p>Slovensk\u00fd politick\u00fd kr\u00e1\u013e rob\u00ed presn\u00fd opak. Autoritu neuzn\u00e1va, len vy\u017eaduje. Neodch\u00e1dza, len sa do\u010dasne stiahne. A v\u017edy sa vr\u00e1ti s pr\u00edbehom o tom, \u017ee bez neho by sa krajina rozpadla.<\/p>\n<p>Je to monarchia bez koruny, ale s pam\u00e4\u0165ou zlatej rybky u voli\u010dov.<\/p>\n<h2>Trad\u00edcie ako krytie reality<\/h2>\n<p>Ke\u010f politici hovoria o trad\u00edci\u00e1ch, zvy\u010dajne t\u00fdm myslia jednu vec: nerie\u0161me pr\u00edtomnos\u0165. Trad\u00edcia je ide\u00e1lny \u00fanikov\u00fd v\u00fdchod. Ned\u00e1 sa skontrolova\u0165, ned\u00e1 sa zmera\u0165, ned\u00e1 sa vyhodnoti\u0165. Na rozdiel od cien, zdravotn\u00edctva \u010di spravodlivosti.<\/p>\n<p>Oslavova\u0165 Troch kr\u00e1\u013eov je jednoduch\u0161ie ne\u017e vysvet\u013eova\u0165, pre\u010do \u0161t\u00e1t funguje len pre niektor\u00fdch. Kadidlo prekryje smrad reality.<\/p>\n<h2>Z\u00e1ver: kr\u00e1li pr\u00eddu a od\u00eddu, moc zost\u00e1va<\/h2>\n<p>Traja kr\u00e1li s\u00fa pekn\u00fd pr\u00edbeh. Kr\u00e1tky, symbolick\u00fd, s jasn\u00fdm koncom. Slovensk\u00e1 politick\u00e1 verzia je nekone\u010dn\u00fd seri\u00e1l bez pointy, kde sa ten ist\u00fd herec vracia v ka\u017edej sez\u00f3ne a tvrd\u00ed, \u017ee tentoraz to bude in\u00e9.<\/p>\n<p>K\u00fdm Traja kr\u00e1li vedeli, kedy od\u00eds\u0165, slovensk\u00fd kr\u00e1\u013e vie len jedno: zosta\u0165. A k\u00fdm to tak bude, oslavy 6. janu\u00e1ra bud\u00fa len \u010fal\u0161ou kulisou. Peknou, tradi\u010dnou, ale pr\u00e1zdnou.<\/p>\n<p>Hviezda d\u00e1vno zhasla. Zostali len reflektory.<\/p>\n","protected":false},"excerpt":{"rendered":"<p>Traja kr\u00e1li, 6. janu\u00e1ra, jedna koruna a nekone\u010dn\u00fd premi\u00e9r, \u010dist\u00fd paramormal activity. Na Slovensku m\u00e1me zvl\u00e1\u0161tny politick\u00fd jav: raz do roka, presne 6. janu\u00e1ra, sa z krajiny sekul\u00e1rnych pragmatikov, cynick\u00fdch realistov a profesion\u00e1lnych ateistov st\u00e1va hlboko duchovn\u00fd \u0161t\u00e1t. Politici, ktor\u00ed zvy\u0161ok roka nevedia, kde sa v kostole zap\u00edna svetlo, zrazu objavuj\u00fa Troch kr\u00e1\u013eov, kadidlo, myrhu [&hellip;]<\/p>\n","protected":false},"author":1,"featured_media":0,"comment_status":"closed","ping_status":"open","sticky":false,"template":"","format":"standard","meta":{"footnotes":""},"categories":[10],"tags":[],"class_list":["post-31039","post","type-post","status-publish","format-standard","hentry","category-paranormalne-javy-vyskumy-na-poli-ludskeho-vedomia-a-jeho-sily"],"_links":{"self":[{"href":"https:\/\/extraslovensko.sk\/spravy\/wp-json\/wp\/v2\/posts\/31039","targetHints":{"allow":["GET"]}}],"collection":[{"href":"https:\/\/extraslovensko.sk\/spravy\/wp-json\/wp\/v2\/posts"}],"about":[{"href":"https:\/\/extraslovensko.sk\/spravy\/wp-json\/wp\/v2\/types\/post"}],"author":[{"embeddable":true,"href":"https:\/\/extraslovensko.sk\/spravy\/wp-json\/wp\/v2\/users\/1"}],"replies":[{"embeddable":true,"href":"https:\/\/extraslovensko.sk\/spravy\/wp-json\/wp\/v2\/comments?post=31039"}],"version-history":[{"count":1,"href":"https:\/\/extraslovensko.sk\/spravy\/wp-json\/wp\/v2\/posts\/31039\/revisions"}],"predecessor-version":[{"id":31040,"href":"https:\/\/extraslovensko.sk\/spravy\/wp-json\/wp\/v2\/posts\/31039\/revisions\/31040"}],"wp:attachment":[{"href":"https:\/\/extraslovensko.sk\/spravy\/wp-json\/wp\/v2\/media?parent=31039"}],"wp:term":[{"taxonomy":"category","embeddable":true,"href":"https:\/\/extraslovensko.sk\/spravy\/wp-json\/wp\/v2\/categories?post=31039"},{"taxonomy":"post_tag","embeddable":true,"href":"https:\/\/extraslovensko.sk\/spravy\/wp-json\/wp\/v2\/tags?post=31039"}],"curies":[{"name":"wp","href":"https:\/\/api.w.org\/{rel}","templated":true}]}}