{"id":31041,"date":"2026-01-06T17:12:36","date_gmt":"2026-01-06T17:12:36","guid":{"rendered":"https:\/\/extraslovensko.sk\/spravy\/?p=31041"},"modified":"2026-01-06T17:12:56","modified_gmt":"2026-01-06T17:12:56","slug":"okamura-kosovo-je-srbsko-katalansko-je-sloboda","status":"publish","type":"post","link":"https:\/\/extraslovensko.sk\/spravy\/okamura-kosovo-je-srbsko-katalansko-je-sloboda\/","title":{"rendered":"Okamura Kosovo je Srbsko, Katal\u00e1nsko je sloboda"},"content":{"rendered":"<p>Ak by existovala olympi\u00e1da v politickej flexibilite chrbtice, Tomio Okamura by si z nej pravidelne nosil zlato. Nie preto, \u017ee by mal ucelen\u00fd sveton\u00e1zor, ale preto, \u017ee dok\u00e1\u017ee v rovnakom dychu poprie\u0165 princ\u00edp sebaur\u010denia n\u00e1rodov a o p\u00e1r mesiacov ho nad\u0161ene obhajova\u0165. Z\u00e1le\u017e\u00ed len na tom, koho sa pr\u00e1ve oplat\u00ed podpori\u0165 a komu sa oplat\u00ed vynada\u0165.<\/p>\n<h1>Politika pod\u013ea Okamuru<br \/> Kosovo je Srbsko, Katal\u00e1nsko je sloboda, Smer\u00e1ci ho zbo\u017e\u0148uj\u00fa<\/h1>\n<h2>Jedno pr\u00e1vo, dva v\u00fdklady<\/h2>\n<p>V Okamurovom politickom vesm\u00edre plat\u00ed jednoduch\u00e9 pravidlo: ke\u010f sa to hod\u00ed, medzin\u00e1rodn\u00e9 pr\u00e1vo je sv\u00e4t\u00e9; ke\u010f sa to nehod\u00ed, ide o v\u00fdmysel liber\u00e1lnych el\u00edt. Kosovo? Tam je v\u0161etko jasn\u00e9 \u2013 Srbsko, bodka, diskusia skon\u010dila. Hist\u00f3ria, etnick\u00e9 \u010distky, rozhodnutia medzin\u00e1rodn\u00fdch s\u00fadov? Nepodstatn\u00e9 detaily.<\/p>\n<p>Katal\u00e1nsko? \u00daplne in\u00fd pr\u00edbeh. Zrazu sa objavuje slovn\u00edk o pr\u00e1ve n\u00e1rodov rozhodova\u0165 o sebe, o slobode, o \u00fatlaku Madridu. Princ\u00edp, ktor\u00fd bol pri Kosove nepr\u00edpustn\u00fd, sa pri Barcelone men\u00ed na posv\u00e4tn\u00fa pravdu.<\/p>\n<p>Nie je to n\u00e1zorov\u00fd v\u00fdvoj. Je to politick\u00fd prep\u00edna\u010d.<\/p>\n<h2>Mapa sveta pod\u013ea potreby kampane<\/h2>\n<p>Okamurova geopolitika funguje ako menu v lacnej re\u0161taur\u00e1cii: dnes si vyberieme n\u00e1rodn\u00fa suverenitu, zajtra \u00fazemn\u00fa celistvos\u0165, pod\u013ea toho, \u010do lep\u0161ie chut\u00ed voli\u010dom. Konzistentnos\u0165 nie je cie\u013e, cie\u013eom je reakcia.<\/p>\n<p>Keby sa zajtra objavilo hnutie za nez\u00e1vislos\u0165 Moravy, dalo by sa o\u010dak\u00e1va\u0165, \u017ee Okamura by najsk\u00f4r vyhl\u00e1sil, \u017ee ide o nebezpe\u010dn\u00fd separatizmus, a o t\u00fd\u017ede\u0148 nesk\u00f4r by hovoril o historickej krivde, ak by mu to prinieslo percent\u00e1.<\/p>\n<h2>Selekt\u00edvny nacionalizmus<\/h2>\n<p>Cel\u00fd probl\u00e9m nie je v tom, \u017ee by Okamura mal jasn\u00fd postoj k sebaur\u010deniu n\u00e1rodov. Probl\u00e9m je, \u017ee \u017eiadny nem\u00e1. Nacionalizmus pou\u017e\u00edva ako n\u00e1radie, nie ako hodnotu. Raz je hranica posv\u00e4tn\u00e1, inokedy je to len \u010diara na mape.<\/p>\n<p>Kosovo je pod\u013ea neho Srbsko, lebo sa to hod\u00ed do narat\u00edvu o siln\u00fdch \u0161t\u00e1toch a poriadku. Katal\u00e1nsko m\u00e1 pr\u00e1vo na sebaur\u010denie, lebo sa to d\u00e1 pou\u017ei\u0165 proti \u201ezl\u00e9mu\u201c Z\u00e1padu, Bruselu alebo \u0160panielsku. Princ\u00edp zost\u00e1va rovnak\u00fd: v\u017edy proti niekomu.<\/p>\n<h2>Medzin\u00e1rodn\u00e9 pr\u00e1vo ako \u0161v\u00e9dsky st\u00f4l<\/h2>\n<p>Okamurov pr\u00edstup k medzin\u00e1rodn\u00e9mu pr\u00e1vu pripom\u00edna \u0161v\u00e9dsky st\u00f4l. Vyberie si, \u010do mu chut\u00ed, zvy\u0161ok ignoruje. Rozhodnutia Medzin\u00e1rodn\u00e9ho s\u00fadneho dvora? Len vtedy, ke\u010f potvrdzuj\u00fa jeho n\u00e1zor. Pr\u00e1vo na sebaur\u010denie? Len pre niektor\u00fdch.<\/p>\n<p>Ak by sa ho niekto op\u00fdtal, pod\u013ea ak\u00fdch krit\u00e9ri\u00ed n\u00e1rod m\u00e1 alebo nem\u00e1 pr\u00e1vo na samostatnos\u0165, odpove\u010f by bola jednoduch\u00e1: pod\u013ea toho, \u010di sa to d\u00e1 dobre preda\u0165 na tla\u010dovke.<\/p>\n<h2>Politika bez pam\u00e4ti<\/h2>\n<p>Jedn\u00fdm z d\u00f4vodov, pre\u010do tento typ politiky funguje, je kr\u00e1tka pam\u00e4\u0165 publika. V\u00fdroky z minulosti sa r\u00fdchlo str\u00e1caj\u00fa v arch\u00edvoch, zatia\u013e \u010do nov\u00e9 vyhl\u00e1senia znej\u00fa dostato\u010dne sebavedomo, aby prehlu\u0161ili tie star\u00e9.<\/p>\n<p>Nie je d\u00f4le\u017eit\u00e9, \u010do si hovoril v\u010dera. D\u00f4le\u017eit\u00e9 je, ako hlasno kri\u010d\u00ed\u0161 dnes. Konzistentnos\u0165 je luxus, ktor\u00fd si populizmus nem\u00f4\u017ee dovoli\u0165.<\/p>\n<h2>Ke\u010f princ\u00edpy prek\u00e1\u017eaj\u00fa<\/h2>\n<p>Skuto\u010dn\u00e1 tragikom\u00e9dia Okamurovej politiky spo\u010d\u00edva v tom, \u017ee sa neust\u00e1le odvol\u00e1va na zdrav\u00fd rozum, no pritom systematicky ignoruje z\u00e1kladn\u00fa logiku. Bu\u010f ver\u00ed\u0161 v pr\u00e1vo n\u00e1rodov na sebaur\u010denie, alebo ver\u00ed\u0161 v nemennos\u0165 hran\u00edc. Oboje naraz sa d\u00e1 veri\u0165 len vtedy, ke\u010f princ\u00edpy neberie\u0161 v\u00e1\u017ene.<\/p>\n<p>A to je presne tento pr\u00edpad.<\/p>\n<h2>Konzistentnos\u0165 je nepriate\u013e kampane<\/h2>\n<p>Tomio Okamura nie je v\u00fdnimkou, ale u\u010debnicov\u00fdm pr\u00edkladom politiky, ktor\u00e1 nepracuje s realitou, ale s em\u00f3ciou. Kosovo aj Katal\u00e1nsko s\u00fa len kulisy. Skuto\u010dn\u00fdm obsahom je permanentn\u00fd konflikt, permanentn\u00e1 nespokojnos\u0165 a permanentn\u00e9 h\u013eadanie vinn\u00edka.<\/p>\n<p>V takom svete nie s\u00fa d\u00f4le\u017eit\u00e9 fakty, ale hlasitos\u0165. Nie je d\u00f4le\u017eit\u00e9, \u010do plat\u00ed, ale \u010do sa hod\u00ed. A princ\u00edpy? Tie s\u00fa len prek\u00e1\u017ekou, ktor\u00fa treba ob\u00eds\u0165 \u2013 alebo prekr\u00fati\u0165.<\/p>\n<p>Geografia sa nemen\u00ed. Len r\u00e9torika.<\/p>\n","protected":false},"excerpt":{"rendered":"<p>Ak by existovala olympi\u00e1da v politickej flexibilite chrbtice, Tomio Okamura by si z nej pravidelne nosil zlato. Nie preto, \u017ee by mal ucelen\u00fd sveton\u00e1zor, ale preto, \u017ee dok\u00e1\u017ee v rovnakom dychu poprie\u0165 princ\u00edp sebaur\u010denia n\u00e1rodov a o p\u00e1r mesiacov ho nad\u0161ene obhajova\u0165. Z\u00e1le\u017e\u00ed len na tom, koho sa pr\u00e1ve oplat\u00ed podpori\u0165 a komu sa oplat\u00ed [&hellip;]<\/p>\n","protected":false},"author":1,"featured_media":0,"comment_status":"closed","ping_status":"open","sticky":false,"template":"","format":"standard","meta":{"footnotes":""},"categories":[5],"tags":[],"class_list":["post-31041","post","type-post","status-publish","format-standard","hentry","category-exo-news"],"_links":{"self":[{"href":"https:\/\/extraslovensko.sk\/spravy\/wp-json\/wp\/v2\/posts\/31041","targetHints":{"allow":["GET"]}}],"collection":[{"href":"https:\/\/extraslovensko.sk\/spravy\/wp-json\/wp\/v2\/posts"}],"about":[{"href":"https:\/\/extraslovensko.sk\/spravy\/wp-json\/wp\/v2\/types\/post"}],"author":[{"embeddable":true,"href":"https:\/\/extraslovensko.sk\/spravy\/wp-json\/wp\/v2\/users\/1"}],"replies":[{"embeddable":true,"href":"https:\/\/extraslovensko.sk\/spravy\/wp-json\/wp\/v2\/comments?post=31041"}],"version-history":[{"count":2,"href":"https:\/\/extraslovensko.sk\/spravy\/wp-json\/wp\/v2\/posts\/31041\/revisions"}],"predecessor-version":[{"id":31043,"href":"https:\/\/extraslovensko.sk\/spravy\/wp-json\/wp\/v2\/posts\/31041\/revisions\/31043"}],"wp:attachment":[{"href":"https:\/\/extraslovensko.sk\/spravy\/wp-json\/wp\/v2\/media?parent=31041"}],"wp:term":[{"taxonomy":"category","embeddable":true,"href":"https:\/\/extraslovensko.sk\/spravy\/wp-json\/wp\/v2\/categories?post=31041"},{"taxonomy":"post_tag","embeddable":true,"href":"https:\/\/extraslovensko.sk\/spravy\/wp-json\/wp\/v2\/tags?post=31041"}],"curies":[{"name":"wp","href":"https:\/\/api.w.org\/{rel}","templated":true}]}}