{"id":31044,"date":"2026-01-09T12:46:44","date_gmt":"2026-01-09T12:46:44","guid":{"rendered":"https:\/\/extraslovensko.sk\/spravy\/?p=31044"},"modified":"2026-01-09T12:46:44","modified_gmt":"2026-01-09T12:46:44","slug":"benesove-dekrety-madarsko-a-slovensky-stat-jozefa-tisa","status":"publish","type":"post","link":"https:\/\/extraslovensko.sk\/spravy\/benesove-dekrety-madarsko-a-slovensky-stat-jozefa-tisa\/","title":{"rendered":"Bene\u0161ove dekr\u00e9ty, Ma\u010farsko a Slovensk\u00fd \u0161t\u00e1t Jozefa Tisa"},"content":{"rendered":"<p>Bene\u0161ove dekr\u00e9ty (1940\u20131945) rie\u0161ili povojnov\u00e9 usporiadanie \u010ceskoslovenska a mali viacero cie\u013eov. Net\u00fdkali sa iba Ma\u010farska, ale najm\u00e4 Nemcov a Ma\u010farov \u017eij\u00facich v \u010ceskoslovensku. Pre\u010do sa t\u00fdkali aj Ma\u010farov? Ma\u010farsko bolo spojencom nacistick\u00e9ho Nemecka. Podie\u013ealo sa na rozbit\u00ed \u010ceskoslovenska (Viedensk\u00e1 arbitr\u00e1\u017e 1938). Zabralo ju\u017en\u00e9 \u00fazemia Slovenska. Bojovalo po boku Hitlera a\u017e do roku 1944.<\/p>\n<h1>Bene\u0161ove dekr\u00e9ty, Ma\u010farsko a Slovensk\u00fd \u0161t\u00e1t Jozefa Tisa<\/h1>\n<p>Par\u00f3dia na Ficovho kamar\u00e1ta Orb\u00e1na a V4<\/p>\n<p>Povojnov\u00e9 vedenie \u010cSR vych\u00e1dzalo z n\u00e1zoru, \u017ee men\u0161iny ako celok podporovali rozbitie \u0161t\u00e1tu. Preto boli Nemci a Ma\u010fari zbaven\u00ed ob\u010dianstva, majetku a pr\u00e1v \u2013 s v\u00fdnimkami (antifa\u0161isti, loj\u00e1lni ob\u010dania). Snaha zabr\u00e1ni\u0165 opakovaniu roku 1938. Cie\u013eom bolo vytvori\u0165 n\u00e1rodnostne homog\u00e9nnej\u0161\u00ed \u0161t\u00e1t, aby men\u0161iny nemohli by\u0165 zneu\u017eit\u00e9 cudz\u00edmi mocnos\u0165ami. Princ\u00edp kolekt\u00edvnej viny (dnes kontroverzn\u00fd)<\/p>\n<p>Bene\u0161ove dekr\u00e9ty patria medzi najdiskutovanej\u0161ie dokumenty povojnovej Eur\u00f3py. Dodnes vyvol\u00e1vaj\u00fa em\u00f3cie najm\u00e4 v s\u00favislosti s Ma\u010farmi, Nemcami a ot\u00e1zkou, pre\u010do neboli podobn\u00fdm sp\u00f4sobom postihnut\u00ed aj Slov\u00e1ci, ke\u010f po\u010das vojny existoval Slovensk\u00fd \u0161t\u00e1t veden\u00fd Jozefom Tisom.<\/p>\n<h2>\u010co boli Bene\u0161ove dekr\u00e9ty<\/h2>\n<p>Bene\u0161ove dekr\u00e9ty boli s\u00faborom prezidentsk\u00fdch nariaden\u00ed vydan\u00fdch v rokoch 1940 a\u017e 1945, ktor\u00e9 mali upravi\u0165 pr\u00e1vny stav obnoven\u00e9ho \u010ceskoslovenska po druhej svetovej vojne. Rie\u0161ili najm\u00e4 ot\u00e1zky \u0161t\u00e1tneho ob\u010dianstva, konfi\u0161k\u00e1cie majetku, trestania kolaborantov a povojnov\u00e9ho usporiadania spolo\u010dnosti.<\/p>\n<p>Najz\u00e1sadnej\u0161ie dekr\u00e9ty sa dotkli nemeckej a ma\u010farskej men\u0161iny, ktor\u00e9 boli pova\u017eovan\u00e9 za kolekt\u00edvne zodpovedn\u00e9 za rozbitie \u010ceskoslovenska v roku 1938.<\/p>\n<h2>Pre\u010do boli postihnut\u00ed Nemci a Ma\u010fari<\/h2>\n<p>Nacistick\u00e9 Nemecko a Ma\u010farsko patrili medzi \u0161t\u00e1ty, ktor\u00e9 sa akt\u00edvne podie\u013eali na likvid\u00e1cii \u010ceskoslovenska. Nemecko viedlo okup\u00e1ciu \u010desk\u00fdch kraj\u00edn a Ma\u010farsko z\u00edskalo ju\u017en\u00e9 \u00fazemia Slovenska na z\u00e1klade Viedenskej arbitr\u00e1\u017ee.<\/p>\n<p>Po vojne preto \u010deskoslovensk\u00e9 vedenie presadzovalo n\u00e1zor, \u017ee nemeck\u00e1 a ma\u010farsk\u00e1 men\u0161ina ako celok stratila lojalitu k \u0161t\u00e1tu. V\u00fdsledkom bolo odobratie ob\u010dianstva, konfi\u0161k\u00e1cie majetku a n\u00faten\u00e9 presuny obyvate\u013estva, hoci existovali aj v\u00fdnimky pre antifa\u0161istov a loj\u00e1lnych ob\u010danov.<\/p>\n<h2>Slovensk\u00fd \u0161t\u00e1t Jozefa Tisa<\/h2>\n<p>Slovensk\u00fd \u0161t\u00e1t vznikol v marci 1939 a fungoval ako satelit nacistick\u00e9ho Nemecka. Mal vlastn\u00fa vl\u00e1du, arm\u00e1du a administrat\u00edvu, no jeho zahrani\u010dn\u00e1 aj vn\u00fatorn\u00e1 politika bola v\u00fdrazne ovplyvnen\u00e1 Berl\u00ednom.<\/p>\n<p>Re\u017eim prezidenta Jozefa Tisa sa akt\u00edvne podie\u013eal na deport\u00e1ci\u00e1ch \u017didov, potl\u00e1\u010dan\u00ed opoz\u00edcie a vojenskej spolupr\u00e1ci s Tre\u0165ou r\u00ed\u0161ou. Z historick\u00e9ho h\u013eadiska ide o kolaborantsk\u00fd re\u017eim, ktor\u00fd nesie zodpovednos\u0165 za vojnov\u00e9 zlo\u010diny.<\/p>\n<h2>Pre\u010do neboli Slov\u00e1ci kolekt\u00edvne potrestan\u00ed<\/h2>\n<p>Napriek existencii Slovensk\u00e9ho \u0161t\u00e1tu neboli Slov\u00e1ci po vojne pova\u017eovan\u00ed za nepriate\u013esk\u00fd n\u00e1rod. \u010ceskoslovensk\u00e1 exilov\u00e1 vl\u00e1da presadzovala pr\u00e1vnu kontinuitu prvej republiky a tvrdila, \u017ee \u010ceskoslovensko ako \u0161t\u00e1t nikdy ofici\u00e1lne nezaniklo.<\/p>\n<p>Slovensk\u00fd \u0161t\u00e1t bol preto ozna\u010den\u00fd za neleg\u00e1lny \u00fatvar vytvoren\u00fd pod n\u00e1tlakom nacistick\u00e9ho Nemecka. Slov\u00e1ci boli vn\u00edman\u00ed ako obyvatelia okupovan\u00e9ho \u0161t\u00e1tu, nie ako cudz\u00ed agresor.<\/p>\n<h2>V\u00fdznam Slovensk\u00e9ho n\u00e1rodn\u00e9ho povstania<\/h2>\n<p>K\u013e\u00fa\u010dov\u00fdm faktorom bola aj existencia Slovensk\u00e9ho n\u00e1rodn\u00e9ho povstania v roku 1944. Povstanie poskytlo siln\u00fd politick\u00fd argument, \u017ee v\u00fdznamn\u00e1 \u010das\u0165 Slov\u00e1kov sa postavila proti nacizmu so zbra\u0148ou v ruke.<\/p>\n<p>Hoci povstanie nebolo celon\u00e1rodn\u00e9, v povojnov\u00fdch rokovaniach v\u00fdrazne zlep\u0161ilo postavenie Slov\u00e1kov a zabr\u00e1nilo uplatneniu princ\u00edpu kolekt\u00edvnej viny vo\u010di cel\u00e9mu n\u00e1rodu.<\/p>\n<h2>Rozdiel medzi re\u017eimom a n\u00e1rodom<\/h2>\n<p>Po vojne bol uplatnen\u00fd rozdielny pr\u00edstup k vine. V pr\u00edpade Slov\u00e1kov bola vina posudzovan\u00e1 individu\u00e1lne. Pred s\u00fadmi skon\u010dili konkr\u00e9tni predstavitelia re\u017eimu, ako Jozef Tiso, Vojtech Tuka \u010di Alexander Mach, ale nie cel\u00fd n\u00e1rod.<\/p>\n<p>Naopak, u Nemcov a Ma\u010farov bol pou\u017eit\u00fd princ\u00edp kolekt\u00edvnej zodpovednosti, ktor\u00fd je dnes pova\u017eovan\u00fd za problematick\u00fd a mor\u00e1lne sporn\u00fd.<\/p>\n<h2>Historick\u00fd paradox<\/h2>\n<p>Z dne\u0161n\u00e9ho poh\u013eadu je zrejm\u00e9, \u017ee povojnov\u00e9 rie\u0161enia neboli v\u017edy spravodliv\u00e9. Slovensk\u00fd \u0161t\u00e1t ako re\u017eim niesol ve\u013ek\u00fa mieru viny, no Slov\u00e1ci ako n\u00e1rod boli politicky ochr\u00e1nen\u00ed. Naopak, mnoh\u00ed Ma\u010fari a Nemci boli potrestan\u00ed aj napriek tomu, \u017ee sa na vojne alebo okup\u00e1cii osobne nepodie\u013eali.<\/p>\n<p>Tento rozpor je historick\u00fdm faktom a d\u00f4vodom, pre\u010do s\u00fa Bene\u0161ove dekr\u00e9ty dodnes citlivou t\u00e9mou v stredoeur\u00f3pskych vz\u0165ahoch.<\/p>\n<p>Bene\u0161ove dekr\u00e9ty vznikli v mimoriadne nap\u00e4tej povojnovej atmosf\u00e9re a boli ovplyvnen\u00e9 politick\u00fdmi, bezpe\u010dnostn\u00fdmi aj emocion\u00e1lnymi faktormi. Slovensk\u00fd \u0161t\u00e1t bol kolaborantsk\u00fd re\u017eim, no Slov\u00e1ci ako n\u00e1rod neboli potrestan\u00ed kolekt\u00edvne, zatia\u013e \u010do Nemci a Ma\u010fari na princ\u00edp kolekt\u00edvnej viny doplatili.<\/p>\n","protected":false},"excerpt":{"rendered":"<p>Bene\u0161ove dekr\u00e9ty (1940\u20131945) rie\u0161ili povojnov\u00e9 usporiadanie \u010ceskoslovenska a mali viacero cie\u013eov. Net\u00fdkali sa iba Ma\u010farska, ale najm\u00e4 Nemcov a Ma\u010farov \u017eij\u00facich v \u010ceskoslovensku. Pre\u010do sa t\u00fdkali aj Ma\u010farov? Ma\u010farsko bolo spojencom nacistick\u00e9ho Nemecka. Podie\u013ealo sa na rozbit\u00ed \u010ceskoslovenska (Viedensk\u00e1 arbitr\u00e1\u017e 1938). Zabralo ju\u017en\u00e9 \u00fazemia Slovenska. Bojovalo po boku Hitlera a\u017e do roku 1944. Bene\u0161ove dekr\u00e9ty, [&hellip;]<\/p>\n","protected":false},"author":1,"featured_media":0,"comment_status":"closed","ping_status":"open","sticky":false,"template":"","format":"standard","meta":{"footnotes":""},"categories":[5],"tags":[],"class_list":["post-31044","post","type-post","status-publish","format-standard","hentry","category-exo-news"],"_links":{"self":[{"href":"https:\/\/extraslovensko.sk\/spravy\/wp-json\/wp\/v2\/posts\/31044","targetHints":{"allow":["GET"]}}],"collection":[{"href":"https:\/\/extraslovensko.sk\/spravy\/wp-json\/wp\/v2\/posts"}],"about":[{"href":"https:\/\/extraslovensko.sk\/spravy\/wp-json\/wp\/v2\/types\/post"}],"author":[{"embeddable":true,"href":"https:\/\/extraslovensko.sk\/spravy\/wp-json\/wp\/v2\/users\/1"}],"replies":[{"embeddable":true,"href":"https:\/\/extraslovensko.sk\/spravy\/wp-json\/wp\/v2\/comments?post=31044"}],"version-history":[{"count":1,"href":"https:\/\/extraslovensko.sk\/spravy\/wp-json\/wp\/v2\/posts\/31044\/revisions"}],"predecessor-version":[{"id":31045,"href":"https:\/\/extraslovensko.sk\/spravy\/wp-json\/wp\/v2\/posts\/31044\/revisions\/31045"}],"wp:attachment":[{"href":"https:\/\/extraslovensko.sk\/spravy\/wp-json\/wp\/v2\/media?parent=31044"}],"wp:term":[{"taxonomy":"category","embeddable":true,"href":"https:\/\/extraslovensko.sk\/spravy\/wp-json\/wp\/v2\/categories?post=31044"},{"taxonomy":"post_tag","embeddable":true,"href":"https:\/\/extraslovensko.sk\/spravy\/wp-json\/wp\/v2\/tags?post=31044"}],"curies":[{"name":"wp","href":"https:\/\/api.w.org\/{rel}","templated":true}]}}