{"id":31046,"date":"2026-01-09T12:53:15","date_gmt":"2026-01-09T12:53:15","guid":{"rendered":"https:\/\/extraslovensko.sk\/spravy\/?p=31046"},"modified":"2026-01-09T13:08:04","modified_gmt":"2026-01-09T13:08:04","slug":"ako-robert-fico-brani-benesove-dekrety-a-zaroven-objima-viktora-orbana","status":"publish","type":"post","link":"https:\/\/extraslovensko.sk\/spravy\/ako-robert-fico-brani-benesove-dekrety-a-zaroven-objima-viktora-orbana\/","title":{"rendered":"Ako Robert Fico br\u00e1ni Bene\u0161ove dekr\u00e9ty a z\u00e1rove\u0148 obj\u00edma Viktora Orb\u00e1na"},"content":{"rendered":"<p>Robert Fico sa r\u00e1d stavia do poz\u00edcie neohrozen\u00e9ho obrancu Bene\u0161ov\u00fdch dekr\u00e9tov, posledn\u00e9ho m\u00faru proti rev\u00edzii dej\u00edn a \u00fadajnej ma\u010farskej krivde, no z\u00e1rove\u0148 predv\u00e1dza obdivuhodn\u00fa schopnos\u0165 kamar\u00e1ti\u0165 sa s Viktorom Orb\u00e1nom, ktor\u00e9ho politick\u00e1 r\u00e9torika m\u00e1 k rev\u00edzii dej\u00edn podozrivo bl\u00edzko.<\/p>\n<h1>Robert Fico br\u00e1ni Bene\u0161ove dekr\u00e9ty ako politick\u00fd talizman<\/h1>\n<p>Bene\u0161ove dekr\u00e9ty s\u00fa v Ficovom podan\u00ed posv\u00e4tn\u00fd artefakt, ktor\u00fd sa vytiahne v\u017edy, ke\u010f treba demon\u0161trova\u0165 tvrdos\u0165, \u0161t\u00e1tnickos\u0165 a historick\u00fa neohrozenos\u0165, ide\u00e1lne pred dom\u00e1cim publikom, ktor\u00e9 ocen\u00ed jasn\u00e9 gesto bez potreby nepr\u00edjemn\u00fdch detailov.<\/p>\n<p>V tejto verzii reality s\u00fa dekr\u00e9ty symbolom spravodlivosti, poriadku a historickej logiky, kde v\u0161etko do seba kr\u00e1sne zapad\u00e1 a nikto sa u\u017e nep\u00fdta, ako je mo\u017en\u00e9, \u017ee princ\u00edp kolekt\u00edvnej viny je raz nedotknute\u013en\u00fd a inokedy nepr\u00edjemn\u00e1 chyba dej\u00edn.<\/p>\n<h2>Orb\u00e1n ako strategick\u00fd kamar\u00e1t<\/h2>\n<p>Z\u00e1rove\u0148 v\u0161ak sledujeme fascinuj\u00faci paradox, ke\u010f ten ist\u00fd politik, ktor\u00fd sa tv\u00e1ri ako nekompromisn\u00fd str\u00e1\u017eca povojnov\u00e9ho usporiadania, nach\u00e1dza spolo\u010dn\u00fa re\u010d s Viktorom Orb\u00e1nom, premi\u00e9rom krajiny, ktor\u00e1 po\u010das druhej svetovej vojny bojovala po boku Hitlera a akt\u00edvne sa podie\u013eala na rozbit\u00ed \u010ceskoslovenska.<\/p>\n<p>Samozrejme, v tejto priate\u013eskej kapitole deja u\u017e hist\u00f3ria prest\u00e1va by\u0165 ostr\u00fdm me\u010dom a men\u00ed sa na jemn\u00fa kulisu, ktor\u00fa netreba zbyto\u010dne rozobera\u0165, preto\u017ee strategick\u00e9 partnerstvo a spolo\u010dn\u00e9 fotky maj\u00fa prednos\u0165.<\/p>\n<h2>Ke\u010f sa hist\u00f3ria hod\u00ed a ke\u010f zavadzia<\/h2>\n<p>Ak sa hovor\u00ed o Ma\u010faroch ako men\u0161ine na Slovensku, hist\u00f3ria sa vytiahne v plnej sile, s d\u00f4razom na vinu, n\u00e1sledky a nemennos\u0165 povojnov\u00fdch rozhodnut\u00ed, no ak ide o Ma\u010farsko ako politick\u00e9ho spojenca, minulos\u0165 sa zrazu st\u00e1va zlo\u017eitou, citlivou a hlavne nevhodnou na otv\u00e1ranie.<\/p>\n<p>Ma\u010farsk\u00e1 \u00fa\u010das\u0165 na vojne po boku nacistick\u00e9ho Nemecka je v tomto pr\u00edbehu zvl\u00e1\u0161tne flexibiln\u00fd fakt, ktor\u00fd bu\u010f existuje, alebo neexistuje, pod\u013ea toho, komu pr\u00e1ve pod\u00e1va ruku predseda slovenskej vl\u00e1dy.<\/p>\n<h2>N\u00e1rod verzus vl\u00e1da, pod\u013ea potreby<\/h2>\n<p>Zauj\u00edmav\u00e9 je, \u017ee argument o rozli\u0161ovan\u00ed medzi n\u00e1rodom a vl\u00e1dou sa pou\u017e\u00edva ve\u013emi selekt\u00edvne, preto\u017ee zatia\u013e \u010do v pr\u00edpade Slovensk\u00e9ho \u0161t\u00e1tu sa d\u00f4sledne zd\u00f4raz\u0148uje, \u017ee Slov\u00e1ci boli obe\u0165ami re\u017eimu, v pr\u00edpade Ma\u010farov sa tento jemn\u00fd rozdiel \u010dasto vytr\u00e1ca.<\/p>\n<p>Ke\u010f je to politicky v\u00fdhodn\u00e9, n\u00e1rod sa zmen\u00ed na homog\u00e9nny blok historickej viny, a ke\u010f sa to nehod\u00ed, zrazu sa hovor\u00ed o suverenite, re\u0161pekte a potrebe neotv\u00e1ra\u0165 star\u00e9 rany.<\/p>\n<h2>Realpolitik po stredoeur\u00f3psky<\/h2>\n<p>Cel\u00fd tento pr\u00edbeh nie je ani tak o Bene\u0161ov\u00fdch dekr\u00e9toch, ani o historickej spravodlivosti, ale o klasickej stredoeur\u00f3pskej realpolitike, kde sa minulos\u0165 pou\u017e\u00edva ako kladivo alebo vank\u00fa\u0161 pod\u013ea aktu\u00e1lnej potreby.<\/p>\n<p>Robert Fico tak dok\u00e1\u017ee v jednej vete hovori\u0165 o nemennosti povojnov\u00e9ho poriadku a v druhej sa brat\u00ed\u010dkova\u0165 s l\u00eddrom krajiny, ktor\u00e1 mala na jeho rozbit\u00ed akt\u00edvny podiel, bez n\u00e1znaku rozporu \u010di rozpakov.<\/p>\n<h2>Z\u00e1ver, ktor\u00fd vlastne nikoho neprekvap\u00ed<\/h2>\n<p>Sarkastick\u00e1 pointa je jednoduch\u00e1: Bene\u0161ove dekr\u00e9ty s\u00fa nedotknute\u013en\u00e9, hist\u00f3ria je jasn\u00e1 a z\u00e1sadov\u00e1, pokia\u013e sa to hod\u00ed do dom\u00e1cej politickej kampane, no ak ide o geopolitick\u00e9 kamar\u00e1tstva, minulos\u0165 sa elegantne odlo\u017e\u00ed do z\u00e1suvky ozna\u010denej \u201eneotv\u00e1ra\u0165\u201c.<\/p>\n<p>A tak sa v strednej Eur\u00f3pe op\u00e4\u0165 ukazuje, \u017ee hist\u00f3ria nie je u\u010dite\u013ekou \u017eivota, ale praktick\u00fdm n\u00e1strojom, ktor\u00fd sa pou\u017e\u00edva presne vtedy a presne tak, ako to vyhovuje t\u00fdm, ktor\u00ed s\u00fa pr\u00e1ve pri moci.<\/p>\n","protected":false},"excerpt":{"rendered":"<p>Robert Fico sa r\u00e1d stavia do poz\u00edcie neohrozen\u00e9ho obrancu Bene\u0161ov\u00fdch dekr\u00e9tov, posledn\u00e9ho m\u00faru proti rev\u00edzii dej\u00edn a \u00fadajnej ma\u010farskej krivde, no z\u00e1rove\u0148 predv\u00e1dza obdivuhodn\u00fa schopnos\u0165 kamar\u00e1ti\u0165 sa s Viktorom Orb\u00e1nom, ktor\u00e9ho politick\u00e1 r\u00e9torika m\u00e1 k rev\u00edzii dej\u00edn podozrivo bl\u00edzko. Robert Fico br\u00e1ni Bene\u0161ove dekr\u00e9ty ako politick\u00fd talizman Bene\u0161ove dekr\u00e9ty s\u00fa v Ficovom podan\u00ed posv\u00e4tn\u00fd artefakt, [&hellip;]<\/p>\n","protected":false},"author":1,"featured_media":0,"comment_status":"closed","ping_status":"open","sticky":false,"template":"","format":"standard","meta":{"footnotes":""},"categories":[10],"tags":[],"class_list":["post-31046","post","type-post","status-publish","format-standard","hentry","category-paranormalne-javy-vyskumy-na-poli-ludskeho-vedomia-a-jeho-sily"],"_links":{"self":[{"href":"https:\/\/extraslovensko.sk\/spravy\/wp-json\/wp\/v2\/posts\/31046","targetHints":{"allow":["GET"]}}],"collection":[{"href":"https:\/\/extraslovensko.sk\/spravy\/wp-json\/wp\/v2\/posts"}],"about":[{"href":"https:\/\/extraslovensko.sk\/spravy\/wp-json\/wp\/v2\/types\/post"}],"author":[{"embeddable":true,"href":"https:\/\/extraslovensko.sk\/spravy\/wp-json\/wp\/v2\/users\/1"}],"replies":[{"embeddable":true,"href":"https:\/\/extraslovensko.sk\/spravy\/wp-json\/wp\/v2\/comments?post=31046"}],"version-history":[{"count":1,"href":"https:\/\/extraslovensko.sk\/spravy\/wp-json\/wp\/v2\/posts\/31046\/revisions"}],"predecessor-version":[{"id":31047,"href":"https:\/\/extraslovensko.sk\/spravy\/wp-json\/wp\/v2\/posts\/31046\/revisions\/31047"}],"wp:attachment":[{"href":"https:\/\/extraslovensko.sk\/spravy\/wp-json\/wp\/v2\/media?parent=31046"}],"wp:term":[{"taxonomy":"category","embeddable":true,"href":"https:\/\/extraslovensko.sk\/spravy\/wp-json\/wp\/v2\/categories?post=31046"},{"taxonomy":"post_tag","embeddable":true,"href":"https:\/\/extraslovensko.sk\/spravy\/wp-json\/wp\/v2\/tags?post=31046"}],"curies":[{"name":"wp","href":"https:\/\/api.w.org\/{rel}","templated":true}]}}