{"id":31075,"date":"2026-01-14T13:58:26","date_gmt":"2026-01-14T13:58:26","guid":{"rendered":"https:\/\/extraslovensko.sk\/spravy\/?p=31075"},"modified":"2026-01-14T21:52:19","modified_gmt":"2026-01-14T21:52:19","slug":"kolaps-civilizacii-okolo-roku-1177-pred-kr-a-zahada-narodov-mora","status":"publish","type":"post","link":"https:\/\/extraslovensko.sk\/spravy\/kolaps-civilizacii-okolo-roku-1177-pred-kr-a-zahada-narodov-mora\/","title":{"rendered":"Kolaps civiliz\u00e1ci\u00ed okolo roku 1177 pred Kr. a z\u00e1hada N\u00e1rodov mora"},"content":{"rendered":"<p>Kolaps civiliz\u00e1ci\u00ed okolo roku 1177 pred Kr., z\u00e1hada N\u00e1rodov mora a porovnanie s dne\u0161kom, ke\u010f vid\u00edme \u010do vystr\u00e1ja Trump. Rok <strong>1177 pred n. l.<\/strong> je pova\u017eovan\u00fd za symbolick\u00fd bod kolapsu neskorej doby bronzovej v oblasti v\u00fdchodn\u00e9ho Stredomoria. Ne\u0161lo o jedin\u00fa bitku alebo katastrofu, ale o re\u0165azov\u00fd rozpad cel\u00e9ho civiliza\u010dn\u00e9ho syst\u00e9mu, ktor\u00fd zah\u0155\u0148al politiku, obchod, arm\u00e1du a kult\u00faru. Tento rok je dnes \u010dasto \u0161tudovan\u00fd ako pr\u00edklad, ako sa komplexn\u00fd svet m\u00f4\u017ee rozpadn\u00fa\u0165 pod tlakom s\u00fabe\u017en\u00fdch kr\u00edz. <\/p>\n<h1>Kolaps civiliz\u00e1ci\u00ed okolo roku 1177 pred Kr., N\u00e1rody mora<\/h1>\n<h2>Kolaps civiliz\u00e1ci\u00ed: kto skolaboval a pre\u010do<\/h2>\n<p>Medzi najviac zasiahnut\u00e9 civiliz\u00e1cie patrili:<\/p>\n<ul>\n<li><strong>Myk\u00e9nske Gr\u00e9cko<\/strong> \u2013 pal\u00e1ce ako Myk\u00e9ny a Pylos zanikli alebo boli opusten\u00e9.<\/li>\n<li><strong>Chetitsk\u00e1 r\u00ed\u0161a<\/strong> \u2013 centr\u00e1lna Anatolia, dne\u0161n\u00e9 Turecko, stratila kontrolu nad svojimi mestami.<\/li>\n<li><strong>Ugarit<\/strong> \u2013 v\u00fdznamn\u00e9 obchodn\u00e9 mesto v S\u00fdrii zaniklo \u00faplne.<\/li>\n<li><strong>Cyprus<\/strong> \u2013 kolaps produkcie medi a stratila obchodn\u00e9 prepojenie.<\/li>\n<li><strong>Egypt<\/strong> \u2013 pre\u017eil v\u00e1\u017ene oslaben\u00fd a jeho moc sa u\u017e nevr\u00e1tila na predch\u00e1dzaj\u00facu \u00farove\u0148.<\/li>\n<\/ul>\n<h3>Hlavn\u00e9 pr\u00ed\u010diny kolapsu<\/h3>\n<p>Kombin\u00e1cia viacer\u00fdch faktorov vy\u00fastila do rozkladu t\u00fdchto civiliz\u00e1ci\u00ed:<\/p>\n<h4>1. N\u00e1rody mora<\/h4>\n<p>Jedn\u00fdm z najzn\u00e1mej\u0161\u00edch javov tej doby boli tzv. <strong>N\u00e1rody mora<\/strong>. Egyptsk\u00e9 n\u00e1pisy, predov\u0161etk\u00fdm z chr\u00e1mu <em>Medinet Habu<\/em> za vl\u00e1dy fara\u00f3na Ramesse III., opisuj\u00fa prich\u00e1dzaj\u00face n\u00e1jazdy a migr\u00e1cie z\u00e1hadn\u00fdch skup\u00edn z mora. Tieto skupiny ni\u010dili pobre\u017en\u00e9 mest\u00e1, pal\u00e1ce a skladovali dobytok a rodiny na lodiach, \u010do ukazuje, \u017ee i\u0161lo o pres\u00edd\u013eovanie cel\u00fdch komun\u00edt, nie len o vojensk\u00e9 n\u00e1jazdy.<\/p>\n<h4>2. Kolaps obchodu a technol\u00f3gie<\/h4>\n<p>Bronz, ktor\u00fd bol z\u00e1kladom zbran\u00ed a n\u00e1strojov, sa vyr\u00e1bal kombin\u00e1ciou medi a c\u00ednu, pri\u010dom c\u00edn sa dov\u00e1\u017eal z ve\u013ek\u00fdch dia\u013eok. Ke\u010f obchodn\u00e9 trasy zlyhali, arm\u00e1dy stratili schopnos\u0165 fungova\u0165 a cel\u00e1 vojensk\u00e1 a hospod\u00e1rska infra\u0161trukt\u00fara sa rozpadla. Tento technologick\u00fd \u0161ok z\u00e1rove\u0148 otvoril cestu pre \u017eelezo, ktor\u00e9 bolo dostupn\u00e9 lok\u00e1lne, hoci hor\u0161ie.<\/p>\n<h4>3. Klimatick\u00e1 kr\u00edza<\/h4>\n<p>Modern\u00e9 paleoklimatologick\u00e9 \u0161t\u00fadie ukazuj\u00fa, \u017ee v tejto oblasti nastalo dlhodob\u00e9 sucho, ktor\u00e9 zn\u00ed\u017eilo \u00farodnos\u0165 p\u00f4dy a vyvolalo hladomory. Tieto environment\u00e1lne probl\u00e9my n\u00fatili obyvate\u013estvo migrova\u0165 a prispeli k nestabilite \u0161t\u00e1tov.<\/p>\n<h4>4. Povstania a vn\u00fatorn\u00e9 zlyhanie<\/h4>\n<p>Mnoh\u00e9 pal\u00e1ce, ktor\u00e9 sl\u00fa\u017eili ako administrat\u00edvne a ekonomick\u00e9 centr\u00e1, boli sp\u00e1len\u00e9 alebo opusten\u00e9. Zlyh\u00e1vanie spr\u00e1vy a v\u00fdpadok p\u00edsomn\u00fdch z\u00e1znamov signalizuje, \u017ee kolaps sa odohr\u00e1val zvn\u00fatra, nielen z vonkaj\u0161ieho tlaku.<\/p>\n<h2>N\u00e1rody mora: kto to boli?<\/h2>\n<p>N\u00e1rody mora neboli jednotn\u00fdm n\u00e1rodom, ale s\u00fahrnn\u00fdm egyptsk\u00fdm pojmom pre viacero skup\u00edn \u00fato\u010diacich a migruj\u00facich po Stredomor\u00ed koncom 13. a za\u010diatkom 12. storo\u010dia pred n. l. Ich presn\u00fd p\u00f4vod nie je \u00faplne zn\u00e1my, ale archeologick\u00e9 a historick\u00e9 d\u00f4kazy nazna\u010duj\u00fa, \u017ee \u0161lo preva\u017ene o ute\u010dencov, \u017eoldnierov a kolabuj\u00face elity z oblasti Egejsk\u00e9ho mora, Anat\u00f3lie a centr\u00e1lneho Stredomoria.<\/p>\n<h3>Skupiny N\u00e1rodov mora pod\u013ea egyptsk\u00fdch n\u00e1pisov<\/h3>\n<ul>\n<li><strong>Peleset<\/strong> \u2013 pravdepodobne Filist\u00ednci, usadili sa v Kana\u00e1ne. Archeol\u00f3gia ukazuje egejsk\u00fa keramiku a \u0161pecifick\u00e9 stravovacie n\u00e1vyky.<\/li>\n<li><strong>Sherden (Shardana)<\/strong> \u2013 nosili prilby s rohmi, pravdepodobne zo Sard\u00ednie alebo z\u00e1padn\u00e9ho Stredomoria. Niektor\u00ed sl\u00fa\u017eili ako \u017eoldnieri v Egypte.<\/li>\n<li><strong>Shekelesh<\/strong> \u2013 mo\u017en\u00e9 spojenie so Sic\u00edliou, p\u00f4vod nejasn\u00fd, ale jazykov\u00e1 zhoda nazna\u010duje stredomorsk\u00fd p\u00f4vod.<\/li>\n<li><strong>Denyen (Danuna)<\/strong> \u2013 mo\u017en\u00e9 spojenie s Hom\u00e9rov\u00fdmi Danaami alebo biblick\u00fdm kme\u0148om Dan.<\/li>\n<li><strong>Tjeker<\/strong> \u2013 usadili sa v oblasti Doru (dne\u0161n\u00fd Izrael), pravdepodobne z Anat\u00f3lie alebo Egeidy.<\/li>\n<li><strong>Weshesh<\/strong> \u2013 najmenej zn\u00e1ma skupina, p\u00f4vod nejasn\u00fd, mo\u017en\u00fd Balk\u00e1n alebo Anat\u00f3lia.<\/li>\n<\/ul>\n<h3>Pre\u010do boli nebezpe\u010dn\u00ed?<\/h3>\n<p>N\u00e1rody mora boli ve\u013emi efekt\u00edvne vojensky: bojovali v pechote, disponovali zbra\u0148ami a strat\u00e9giami vhodn\u00fdmi na zni\u010den\u00e9 a oslaben\u00e9 \u0161t\u00e1ty. Migrovali cel\u00e9 komunity vr\u00e1tane \u017eien, det\u00ed a dobytka a \u00fato\u010dili na centr\u00e1 moci a z\u00e1sob\u00e1rne potrav\u00edn, \u010d\u00edm e\u0161te viac ur\u00fdchlili kolaps civiliz\u00e1ci\u00ed.<\/p>\n<h2>D\u00f4sledky kolapsu<\/h2>\n<p>V\u00fdsledkom kolapsu bolo:<\/p>\n<ul>\n<li>Z\u00e1nik p\u00edsma (line\u00e1rne B) a administrat\u00edvnych syst\u00e9mov.<\/li>\n<li>\u00dabytok popul\u00e1cie a z\u00e1nik mestsk\u00fdch \u0161trukt\u00far.<\/li>\n<li>N\u00e1vrat k lok\u00e1lnym komunit\u00e1m a men\u0161\u00edm politick\u00fdm \u00fatvarom.<\/li>\n<li>Technologick\u00e1 a soci\u00e1lna stagn\u00e1cia na 300\u2013400 rokov.<\/li>\n<\/ul>\n<p>Napokon v\u0161ak kolaps pripravil p\u00f4du pre nov\u00e9 spolo\u010dnosti, nov\u00e9 technol\u00f3gie (\u017eelezo) a vznik klasick\u00e9ho Gr\u00e9cka. Egypt, hoci dok\u00e1zal N\u00e1rody mora zastavi\u0165 vojensky, u\u017e nikdy nez\u00edskal svoju star\u00fa moc a stal sa len jednou z viacer\u00fdch oslaben\u00fdch civiliz\u00e1ci\u00ed.<\/p>\n<h2>Pre\u010do je rok 1177 pred Kr. st\u00e1le relevantn\u00fd?<\/h2>\n<p>Rok 1177 pred Kr. predstavuje u\u010debnicov\u00fd pr\u00edklad komplexn\u00e9ho kolapsu syst\u00e9mu, kde sa stretli environment\u00e1lne, ekonomick\u00e9, politick\u00e9 a vojensk\u00e9 faktory naraz. Tento historick\u00fd pr\u00edpad ukazuje, \u017ee civiliz\u00e1cie s\u00fa zranite\u013en\u00e9, ak s\u00fa pr\u00edli\u0161 prepojen\u00e9, z\u00e1visl\u00e9 na obchode a citliv\u00e9 na klimatick\u00e9 alebo soci\u00e1lne \u0161oky. Pre modern\u00e9ho \u010dloveka sl\u00fa\u017ei ako varovanie a z\u00e1rove\u0148 lekcia o potrebe odolnosti a adaptability v glob\u00e1lnom syst\u00e9me.<\/p>\n<p>Kolaps civiliz\u00e1ci\u00ed okolo roku 1177 pred Kr. a z\u00e1hada N\u00e1rodov mora n\u00e1m pripom\u00ednaj\u00fa, \u017ee aj starovek\u00fd svet, ktor\u00fd sa zd\u00e1l stabiln\u00fd, bol neust\u00e1le vystaven\u00fd tlakom a transform\u00e1ci\u00e1m. Rovnako ako dne\u0161n\u00fd globalizovan\u00fd svet, aj vtedy platilo, \u017ee zlyhanie jednej \u010dasti syst\u00e9mu mohlo spusti\u0165 dominov\u00fd efekt so zni\u010duj\u00facimi d\u00f4sledkami.<\/p>\n","protected":false},"excerpt":{"rendered":"<p>Kolaps civiliz\u00e1ci\u00ed okolo roku 1177 pred Kr., z\u00e1hada N\u00e1rodov mora a porovnanie s dne\u0161kom, ke\u010f vid\u00edme \u010do vystr\u00e1ja Trump. Rok 1177 pred n. l. je pova\u017eovan\u00fd za symbolick\u00fd bod kolapsu neskorej doby bronzovej v oblasti v\u00fdchodn\u00e9ho Stredomoria. Ne\u0161lo o jedin\u00fa bitku alebo katastrofu, ale o re\u0165azov\u00fd rozpad cel\u00e9ho civiliza\u010dn\u00e9ho syst\u00e9mu, ktor\u00fd zah\u0155\u0148al politiku, obchod, arm\u00e1du [&hellip;]<\/p>\n","protected":false},"author":1,"featured_media":0,"comment_status":"closed","ping_status":"open","sticky":false,"template":"","format":"standard","meta":{"footnotes":""},"categories":[5],"tags":[],"class_list":["post-31075","post","type-post","status-publish","format-standard","hentry","category-exo-news"],"_links":{"self":[{"href":"https:\/\/extraslovensko.sk\/spravy\/wp-json\/wp\/v2\/posts\/31075","targetHints":{"allow":["GET"]}}],"collection":[{"href":"https:\/\/extraslovensko.sk\/spravy\/wp-json\/wp\/v2\/posts"}],"about":[{"href":"https:\/\/extraslovensko.sk\/spravy\/wp-json\/wp\/v2\/types\/post"}],"author":[{"embeddable":true,"href":"https:\/\/extraslovensko.sk\/spravy\/wp-json\/wp\/v2\/users\/1"}],"replies":[{"embeddable":true,"href":"https:\/\/extraslovensko.sk\/spravy\/wp-json\/wp\/v2\/comments?post=31075"}],"version-history":[{"count":5,"href":"https:\/\/extraslovensko.sk\/spravy\/wp-json\/wp\/v2\/posts\/31075\/revisions"}],"predecessor-version":[{"id":31080,"href":"https:\/\/extraslovensko.sk\/spravy\/wp-json\/wp\/v2\/posts\/31075\/revisions\/31080"}],"wp:attachment":[{"href":"https:\/\/extraslovensko.sk\/spravy\/wp-json\/wp\/v2\/media?parent=31075"}],"wp:term":[{"taxonomy":"category","embeddable":true,"href":"https:\/\/extraslovensko.sk\/spravy\/wp-json\/wp\/v2\/categories?post=31075"},{"taxonomy":"post_tag","embeddable":true,"href":"https:\/\/extraslovensko.sk\/spravy\/wp-json\/wp\/v2\/tags?post=31075"}],"curies":[{"name":"wp","href":"https:\/\/api.w.org\/{rel}","templated":true}]}}