{"id":31096,"date":"2026-01-16T19:04:54","date_gmt":"2026-01-16T19:04:54","guid":{"rendered":"https:\/\/extraslovensko.sk\/spravy\/?p=31096"},"modified":"2026-01-16T19:06:28","modified_gmt":"2026-01-16T19:06:28","slug":"kde-bude-fico-kym-sa-atomovka-postavi-a-uroky-zaplatia","status":"publish","type":"post","link":"https:\/\/extraslovensko.sk\/spravy\/kde-bude-fico-kym-sa-atomovka-postavi-a-uroky-zaplatia\/","title":{"rendered":"Kde bude Fico, k\u00fdm sa atomovka postav\u00ed a \u00faroky zaplatia?"},"content":{"rendered":"<p>V politickom svete sa \u010dasto p\u00fdtame: kde je Fico, ke\u010f sa deje ve\u013ek\u00e1 vec? Tentoraz ide o at\u00f3mov\u00fa elektr\u00e1re\u0148 \u2013 ve\u013ek\u00fd projekt, ktor\u00fd s\u013eubuje energiu, peniaze a nekone\u010dn\u00e9 diskusie o \u00farokoch a n\u00e1kladoch. Fico sa zatia\u013e mo\u017eno nach\u00e1dza na svojom tradi\u010dnom poste \u2013 \u010di u\u017e je to pri po\u010d\u00edta\u010di, alebo v tichom z\u00e1zem\u00ed a sleduje, ako sa ekonomick\u00e1 ma\u0161in\u00e9ria rozbieha bez jeho akt\u00edvnej \u00fa\u010dasti.<\/p>\n<h1>Kde bude Fico, N\u00e1klady, \u00faroky a absurdn\u00e1 realita<\/h1>\n<p>Samotn\u00e1 atomovka nie je len ot\u00e1zka technol\u00f3gie. S\u00fa to aj **n\u00e1klady, \u00faroky a nekone\u010dn\u00e9 matematick\u00e9 \u00favahy**, ktor\u00e9 by vedeli zmias\u0165 aj sk\u00fasen\u00e9ho ekon\u00f3ma. Ka\u017ed\u00fd megawatt elektriny sa po\u010d\u00edta, ka\u017ed\u00fd \u00faver a jeho \u00faroky sa s\u010d\u00edtavaj\u00fa a v\u00fdsledok je prekvapivo zlo\u017eit\u00fd. Fico zatia\u013e sleduje, \u010di sa projekt h\u00fdbe spr\u00e1vnym smerom, alebo \u010di ekonomick\u00e1 logika potrebuje len trocha politick\u00e9ho humoru na stabiliz\u00e1ciu.<\/p>\n<h3>Fico a \u010dasov\u00e1 v\u00e1kuov\u00e1 z\u00f3na<\/h3>\n<p>Zatia\u013e \u010do in\u00ed rie\u0161ia stavebn\u00e9 pl\u00e1ny a finan\u010dn\u00e9 v\u00fdpo\u010dty, Fico sa zd\u00e1 by\u0165 v \u010dasovej v\u00e1kuovej z\u00f3ne. \u010cas plynul r\u00fdchlej\u0161ie alebo pomal\u0161ie? Nikto nevie. Podstatn\u00e9 je, \u017ee at\u00f3movka sa stavia, n\u00e1klady sa s\u010d\u00edtavaj\u00fa a \u00faroky rast\u00fa, zatia\u013e \u010do Fico mo\u017eno sed\u00ed s k\u00e1vou a notebookom, alebo si len predstavuje, ak\u00e9 by bolo vies\u0165 gener\u00e1tor vlastnou rukou.<\/p>\n<h2>Humor v energetike a politike<\/h2>\n<p>Cel\u00fd proces je absurdn\u00fd a paradoxn\u00fd: projekt, ktor\u00fd m\u00e1 produkova\u0165 energiu, z\u00e1rove\u0148 generuje nekone\u010dn\u00e9 debaty, \u00faroky a politick\u00e9 \u0161pekul\u00e1cie. Fico stoj\u00ed mimo chaosu, ale je jeho tich\u00e1 pr\u00edtomnos\u0165, ktor\u00e1 dod\u00e1va situ\u00e1cii ne\u010dakan\u00fd humor. Zatia\u013e \u010do \u00faroky rast\u00fa a n\u00e1klady sa zvy\u0161uj\u00fa, v\u0161etci sa m\u00f4\u017eu len usmieva\u0165 nad t\u00fdm, ako politika a energetika tvoria zvl\u00e1\u0161tny komick\u00fd duet.<\/p>\n<h3>Ne\u010dakan\u00e9 z\u00e1zraky a v\u00fdsledky<\/h3>\n<p>Tak kde bude Fico, k\u00fdm atomovka postav\u00ed a \u00faroky zaplatia? Pravdepodobne nie tam, kde by sme \u010dakali. Mo\u017eno sleduje ekonomick\u00e9 tabu\u013eky, mo\u017eno rozm\u00fd\u0161\u013ea nad \u010fal\u0161\u00edm politick\u00fdm f\u00e1zov\u00fdm posunom, alebo jednoducho \u010d\u00edta satirick\u00e9 koment\u00e1re o projektoch, ktor\u00e9 s\u00fa v\u00e4\u010d\u0161ie ne\u017e on s\u00e1m. A v\u00fdsledok? Elektr\u00e1re\u0148 stoj\u00ed, n\u00e1klady rast\u00fa, \u00faroky sa s\u010d\u00edtavaj\u00fa a absurdn\u00fd humor pretrv\u00e1va.<\/p>\n<h2>Politika, energie a Fico<\/h2>\n<p>Tak\u017ee ke\u010f nabud\u00face uvid\u00edte spr\u00e1vy o ve\u013ek\u00fdch energetick\u00fdch projektoch a \u00farokoch, spome\u0148te si na Fica \u2013 kdeko\u013evek bude, stoj\u00ed mimo chaosu, sleduje, hodnot\u00ed a mo\u017eno sa len usmieva nad t\u00fdm, \u017ee politika a energetika dok\u00e1\u017eu by\u0165 z\u00e1rove\u0148 absurdn\u00e9 a fascinuj\u00face. <\/p>\n<p>At\u00f3movka sa stavia, peniaze te\u010d\u00fa, \u00faroky rast\u00fa, a Fico? Ten je tam, kde m\u00e1 by\u0165 \u2013 mimo v\u0161etk\u00e9ho, ale st\u00e1le v centre humoru.<\/p>\n","protected":false},"excerpt":{"rendered":"<p>V politickom svete sa \u010dasto p\u00fdtame: kde je Fico, ke\u010f sa deje ve\u013ek\u00e1 vec? Tentoraz ide o at\u00f3mov\u00fa elektr\u00e1re\u0148 \u2013 ve\u013ek\u00fd projekt, ktor\u00fd s\u013eubuje energiu, peniaze a nekone\u010dn\u00e9 diskusie o \u00farokoch a n\u00e1kladoch. Fico sa zatia\u013e mo\u017eno nach\u00e1dza na svojom tradi\u010dnom poste \u2013 \u010di u\u017e je to pri po\u010d\u00edta\u010di, alebo v tichom z\u00e1zem\u00ed a sleduje, [&hellip;]<\/p>\n","protected":false},"author":1,"featured_media":0,"comment_status":"closed","ping_status":"open","sticky":false,"template":"","format":"standard","meta":{"footnotes":""},"categories":[5],"tags":[],"class_list":["post-31096","post","type-post","status-publish","format-standard","hentry","category-exo-news"],"_links":{"self":[{"href":"https:\/\/extraslovensko.sk\/spravy\/wp-json\/wp\/v2\/posts\/31096","targetHints":{"allow":["GET"]}}],"collection":[{"href":"https:\/\/extraslovensko.sk\/spravy\/wp-json\/wp\/v2\/posts"}],"about":[{"href":"https:\/\/extraslovensko.sk\/spravy\/wp-json\/wp\/v2\/types\/post"}],"author":[{"embeddable":true,"href":"https:\/\/extraslovensko.sk\/spravy\/wp-json\/wp\/v2\/users\/1"}],"replies":[{"embeddable":true,"href":"https:\/\/extraslovensko.sk\/spravy\/wp-json\/wp\/v2\/comments?post=31096"}],"version-history":[{"count":3,"href":"https:\/\/extraslovensko.sk\/spravy\/wp-json\/wp\/v2\/posts\/31096\/revisions"}],"predecessor-version":[{"id":31099,"href":"https:\/\/extraslovensko.sk\/spravy\/wp-json\/wp\/v2\/posts\/31096\/revisions\/31099"}],"wp:attachment":[{"href":"https:\/\/extraslovensko.sk\/spravy\/wp-json\/wp\/v2\/media?parent=31096"}],"wp:term":[{"taxonomy":"category","embeddable":true,"href":"https:\/\/extraslovensko.sk\/spravy\/wp-json\/wp\/v2\/categories?post=31096"},{"taxonomy":"post_tag","embeddable":true,"href":"https:\/\/extraslovensko.sk\/spravy\/wp-json\/wp\/v2\/tags?post=31096"}],"curies":[{"name":"wp","href":"https:\/\/api.w.org\/{rel}","templated":true}]}}