{"id":31102,"date":"2026-01-17T11:56:01","date_gmt":"2026-01-17T11:56:01","guid":{"rendered":"https:\/\/extraslovensko.sk\/spravy\/?p=31102"},"modified":"2026-01-17T12:00:36","modified_gmt":"2026-01-17T12:00:36","slug":"ficove-velke-otocko-od-zradcovskej-americkej-zmluvy-k-bozkavaniu-usa","status":"publish","type":"post","link":"https:\/\/extraslovensko.sk\/spravy\/ficove-velke-otocko-od-zradcovskej-americkej-zmluvy-k-bozkavaniu-usa\/","title":{"rendered":"Ficove ve\u013ek\u00e9 oto\u010dko: Od &#8220;zradcovskej americkej zmluvy&#8221; k bozk\u00e1vaniu USA"},"content":{"rendered":"<p><strong>Bratislava \/ Mar-a-Lago, 17. janu\u00e1r 2026<\/strong> \u2013 Pam\u00e4t\u00e1te si e\u0161te tie \u010dasy, ke\u010f n\u00e1\u0161 milovan\u00fd premi\u00e9r Robert Fico chodil po n\u00e1mestiach a kri\u010dal o zrade, o strate suverenity a o tom, ako treba okam\u017eite <strong>zru\u0161i\u0165 t\u00fa prekliatu obrann\u00fa zmluvu s USA<\/strong>? <\/p>\n<p>\u00c1no, to boli pekn\u00e9 \u010dasy&#8230; pre predvolebn\u00fd marketing. Dnes? Dnes u\u017e Fico lieta do Ameriky, podpisuje jadrov\u00e9 dohody a osobne sa ide pokloni\u0165 Ve\u013ek\u00e9mu Donaldovi do Mar-a-Lago. Oto\u010dka? To je slab\u00e9 slovo. Toto je rovno salto mortale s jazykom vonku.<\/p>\n<h1>Ke\u010f bola DCA &#8220;zradcovsk\u00e1&#8221; a Fico hrdina suverenity<\/h1>\n<p>E\u0161te pred p\u00e1r rokmi (konkr\u00e9tne 2022\u20132023) bol Robert Fico ne\u00fanavn\u00fd bojovn\u00edk proti &#8220;americk\u00fdm okupantom&#8221;.<\/p>\n<ul>\n<li>Hovoril o <strong>&#8220;zradcovskej dohode&#8221;<\/strong>, ktor\u00e1 n\u00e1s urob\u00ed kol\u00f3niou.<\/li>\n<li>S\u013euboval, \u017ee ak pr\u00edde k moci, <strong>zmluvu zru\u0161\u00ed<\/strong> \u2013 hne\u010f, bezodkladne, bez milosti.<\/li>\n<li>Na sneme Smeru v novembri 2022 vyhl\u00e1sil: <em>\u201eMy nie sme politick\u00e9 trasor\u00edtky ani oportunisti. Ani v tak\u00fdch t\u00e9mach, ako je obrann\u00e1 dohoda s USA, ktor\u00fa treba zru\u0161i\u0165.\u201c<\/em><\/li>\n<li>Organizoval protesty, stra\u0161il jadrov\u00fdmi zbra\u0148ami na Slia\u010di a ozna\u010doval poslancov, ktor\u00ed hlasovali ZA, za vlastizradcov.<\/li>\n<\/ul>\n<p>Vtedy bol Fico hrdina \u2013 aspo\u0148 pre svoju voli\u010dsk\u00fa z\u00e1klad\u0148u. Suver\u00e9n, ktor\u00fd sa neboj\u00ed ani ve\u013emoci za ve\u013ekou ml\u00e1kou. Ach, ak\u00e9 to bolo doj\u00edmav\u00e9&#8230;<\/p>\n<h2>A dnes? Jazyk v zadku a nov\u00e1 l\u00e1ska k americk\u00fdm dol\u00e1rom<\/h2>\n<p>Rok 2026. Fico u\u017e nie je opozi\u010dn\u00fd bojovn\u00edk, ale premi\u00e9r s rozpo\u010dtom na nov\u00e9 at\u00f3mky. A zrazu \u2013 <strong>z\u00e1zrak!<\/strong> \u2013 americk\u00e9 zmluvy s\u00fa super, v\u00fdhodn\u00e9 a vlasteneck\u00e9.<\/p>\n<h3>Podpis jadrovej dohody s USA \u2013 15 mili\u00e1rd do Westinghouse<\/h3>\n<p>Vo Washingtone Fico s \u00fasmevom od ucha k uchu podpisuje r\u00e1mcov\u00fa dohodu o civilnej jadrovej spolupr\u00e1ci. Nov\u00fd blok v Bohuniciach? Jasn\u00e9, americk\u00fd Westinghouse, bili\u00f3ny kor\u00fan (teda dol\u00e1rov) pre americk\u00fa firmu. Suverenita? No&#8230; asi sa stratila niekde medzi podpisom a fotkou s ministrom energetiky USA.<\/p>\n<h3>Osobn\u00e9 poklonenie sa v Mar-a-Lago<\/h3>\n<p>A vrchol fra\u0161ky? Stretnutie s Donaldom Trumpom priamo v jeho zlatom pal\u00e1ci na Floride. 17. janu\u00e1ra 2026 o 15:30 \u2013 Fico ide osobne po\u017eiada\u0165 o reaktory, technol\u00f3gie a mo\u017eno aj o self\u00ed\u010dko. Ten ist\u00fd Fico, ktor\u00fd e\u0161te pred tromi rokmi kri\u010dal, \u017ee Ameri\u010dania n\u00e1m ber\u00fa suverenitu. <\/p>\n<p>Dnes? Suver\u00e9nne l\u00ed\u017ee zadok ve\u013ek\u00e9mu bratovi, aby sme mali nov\u00fa at\u00f3mku v roku 2041. Priorita: diverzifik\u00e1cia&#8230; aj ke\u010f diverzifik\u00e1cia od Rusov k Ameri\u010danom stoj\u00ed desiatky mili\u00e1rd a gener\u00e1cie dlhov.<\/p>\n<h2>Zhrnutie Ficovho ve\u013ek\u00e9ho oto\u010denia \u2013 v skratke<\/h2>\n<table border=\"1\" cellpadding=\"10\">\n<tr>\n<th>Rok<\/th>\n<th>\u010co Fico hovoril<\/th>\n<th>Realita<\/th>\n<\/tr>\n<tr>\n<td>2022\u20132023<\/td>\n<td>&#8220;Zru\u0161\u00edme zradcovsk\u00fa zmluvu s USA! Suverenita nadov\u0161etko!&#8221;<\/td>\n<td>Protesty, stra\u0161enie, &#8220;trasor\u00edtky&#8221;<\/td>\n<\/tr>\n<tr>\n<td>2024<\/td>\n<td>&#8220;Zmluva je nevypovedate\u013en\u00e1&#8230; oprav\u00edme ju&#8221;<\/td>\n<td>Prv\u00e9 c\u00favnutie<\/td>\n<\/tr>\n<tr>\n<td>2026<\/td>\n<td>&#8220;V\u010faka dohode s USA budeme v\u00fdnimo\u010dn\u00ed! Jadrov\u00e1 spolupr\u00e1ca forever!&#8221;<\/td>\n<td>Podpis v DC + poklona v Mar-a-Lago<\/td>\n<\/tr>\n<\/table>\n<p>Vid\u00edte ten trend? Od &#8220;Ameri\u010dania von!&#8221; k &#8220;Pros\u00edm, p\u00e1n Trump, dajte n\u00e1m reaktor a ja budem ticho.&#8221; Klasick\u00fd Fico \u2013 princ\u00edp je jednoduch\u00fd: <strong>ke\u010f si v opoz\u00edcii, kri\u010d, ke\u010f si pri koryte, cm\u00fa\u013eaj.<\/strong><\/p>\n<p><strong>Z\u00e1ver:<\/strong> Gratulujeme, p\u00e1n premi\u00e9r. Va\u0161a suverenita pr\u00e1ve odletela s\u00fakromn\u00fdm jetom do Mar-a-Lago. A my, da\u0148ov\u00ed poplatn\u00edci, to zaplat\u00edme \u2013 s \u00farokmi na nieko\u013eko gener\u00e1ci\u00ed. \u010eakujeme za divadlo. &#x1f3ad;&#x1f1fa;&#x1f1f8;&#x1f351;<\/p>\n<p>Ficovo ve\u013ek\u00e9 oto\u010dko: Od &#8220;zradcovskej americkej zmluvy&#8221; k bozk\u00e1vaniu zadku USA. <\/p>\n","protected":false},"excerpt":{"rendered":"<p>Bratislava \/ Mar-a-Lago, 17. janu\u00e1r 2026 \u2013 Pam\u00e4t\u00e1te si e\u0161te tie \u010dasy, ke\u010f n\u00e1\u0161 milovan\u00fd premi\u00e9r Robert Fico chodil po n\u00e1mestiach a kri\u010dal o zrade, o strate suverenity a o tom, ako treba okam\u017eite zru\u0161i\u0165 t\u00fa prekliatu obrann\u00fa zmluvu s USA? \u00c1no, to boli pekn\u00e9 \u010dasy&#8230; pre predvolebn\u00fd marketing. Dnes? Dnes u\u017e Fico lieta do [&hellip;]<\/p>\n","protected":false},"author":1,"featured_media":0,"comment_status":"closed","ping_status":"open","sticky":false,"template":"","format":"standard","meta":{"footnotes":""},"categories":[5],"tags":[],"class_list":["post-31102","post","type-post","status-publish","format-standard","hentry","category-exo-news"],"_links":{"self":[{"href":"https:\/\/extraslovensko.sk\/spravy\/wp-json\/wp\/v2\/posts\/31102","targetHints":{"allow":["GET"]}}],"collection":[{"href":"https:\/\/extraslovensko.sk\/spravy\/wp-json\/wp\/v2\/posts"}],"about":[{"href":"https:\/\/extraslovensko.sk\/spravy\/wp-json\/wp\/v2\/types\/post"}],"author":[{"embeddable":true,"href":"https:\/\/extraslovensko.sk\/spravy\/wp-json\/wp\/v2\/users\/1"}],"replies":[{"embeddable":true,"href":"https:\/\/extraslovensko.sk\/spravy\/wp-json\/wp\/v2\/comments?post=31102"}],"version-history":[{"count":3,"href":"https:\/\/extraslovensko.sk\/spravy\/wp-json\/wp\/v2\/posts\/31102\/revisions"}],"predecessor-version":[{"id":31105,"href":"https:\/\/extraslovensko.sk\/spravy\/wp-json\/wp\/v2\/posts\/31102\/revisions\/31105"}],"wp:attachment":[{"href":"https:\/\/extraslovensko.sk\/spravy\/wp-json\/wp\/v2\/media?parent=31102"}],"wp:term":[{"taxonomy":"category","embeddable":true,"href":"https:\/\/extraslovensko.sk\/spravy\/wp-json\/wp\/v2\/categories?post=31102"},{"taxonomy":"post_tag","embeddable":true,"href":"https:\/\/extraslovensko.sk\/spravy\/wp-json\/wp\/v2\/tags?post=31102"}],"curies":[{"name":"wp","href":"https:\/\/api.w.org\/{rel}","templated":true}]}}