{"id":31110,"date":"2026-01-17T12:17:10","date_gmt":"2026-01-17T12:17:10","guid":{"rendered":"https:\/\/extraslovensko.sk\/spravy\/?p=31110"},"modified":"2026-01-17T12:18:02","modified_gmt":"2026-01-17T12:18:02","slug":"mene-mene-tekel-ufarsin-na-stene-ficovho-palaca-v-roku-2026","status":"publish","type":"post","link":"https:\/\/extraslovensko.sk\/spravy\/mene-mene-tekel-ufarsin-na-stene-ficovho-palaca-v-roku-2026\/","title":{"rendered":"Mene, Mene, Tekel, Ufarsin \u2013 na stene Ficovho pal\u00e1ca v roku 2026"},"content":{"rendered":"<p><strong>Bratislava \/ Mar-a-Lago \/ Peking, 17. janu\u00e1r 2026<\/strong> \u2013 Ke\u010f kr\u00e1\u013e Bel\u0161azar usporiadal opit\u00fa p\u00e1rty a zneu\u017e\u00edval posv\u00e4tn\u00e9 n\u00e1doby, objavila sa ruka a nap\u00edsala na stenu: <strong>MENE, MENE, TEKEL, UFARSIN<\/strong>. Daniel prelo\u017eil: Tvoje dni s\u00fa spo\u010d\u00edtan\u00e9, si zv\u00e1\u017een\u00fd a n\u00e1jden\u00fd \u013eahk\u00fd, tvoje kr\u00e1\u013eovstvo sa rozdel\u00ed a skon\u010d\u00ed.<\/p>\n<h1>Mene, Mene, Tekel, Ufarsin, kr\u00e1\u013e Fico<\/h1>\n<p>Dnes, v roku 2026, sa podobn\u00e1 ruka zjavuje na stene Ficovho \u00faradu. Nie v aramej\u010dine, ale v sloven\u010dine s anglick\u00fdmi a \u010d\u00ednskymi titulkami. A znie to takto:<\/p>\n<h2>MENE, MENE \u2013 Tvoje s\u013euby s\u00fa spo\u010d\u00edtan\u00e9&#8230; a skon\u010dili<\/h2>\n<p>Daniel (teda opoz\u00edcia + da\u0148ov\u00ed poplatn\u00edci) preklad\u00e1:<\/p>\n<ul>\n<li>S\u013eub zru\u0161i\u0165 \u201ezradcovsk\u00fa\u201c zmluvu s USA? Spo\u010d\u00edtan\u00e9 \u2013 2022\u20132023: 100 % kriku. 2026: 0 % akcie, zato 15 mili\u00e1rd \u20ac do Westinghouse.<\/li>\n<li>S\u013eub \u201esuverenita nadov\u0161etko\u201c? Spo\u010d\u00edtan\u00e9 \u2013 dnes suver\u00e9nne lieta do Mar-a-Lago pokloni\u0165 sa Trumpovi a do Pekingu fotit sa s Putinom a Kimom.<\/li>\n<li>S\u013eub \u201e\u017eiadne predra\u017een\u00e9 at\u00f3mky\u201c? Spo\u010d\u00edtan\u00e9 \u2013 15 mili\u00e1rd dlhu na gener\u00e1cie, bez tendra, rovno pre Ameri\u010danov. Suverenita level expert.<\/li>\n<\/ul>\n<h3>Tvoje dni vo funkcii? Spo\u010d\u00edtan\u00e9 \u2013 deficit 6 mili\u00e1rd \u20ac ro\u010dne<br \/> dlh rastie, rok 2026 predvolebn\u00fd chaos<\/h3>\n<p>Fico s\u00e1m povedal: \u201eRok 2026 bude predvolebn\u00fd&#8230; a tak aj bude vyzera\u0165.\u201c \u00c1no, p\u00e1n premi\u00e9r \u2013 vyzer\u00e1 to na koniec jednej \u00e9ry. MENE, MENE \u2013 dni va\u0161ej \u201emultivektorovej\u201c m\u00e1gie s\u00fa spo\u010d\u00edtan\u00e9.<\/p>\n<h2>TEKEL \u2013 Zv\u00e1\u017een\u00fd si na v\u00e1he&#8230; a si pr\u00edli\u0161 \u013eahk\u00fd<\/h2>\n<p>V\u00e1ha verejn\u00fdch financi\u00ed ukazuje: deficit takmer 6 mili\u00e1rd \u20ac, \u017eiveme nad pomery, platy ministrov a premi\u00e9ra id\u00fa hore (aj napriek dlhovej brzde \u2013 genialita pau\u0161\u00e1lnych n\u00e1hrad!), verejn\u00e9 peniaze te\u010d\u00fa do \u010d\u00ednskych fabr\u00edk a americk\u00fdch reaktorov.<\/p>\n<p>Zv\u00e1\u017een\u00fd na v\u00e1he integrity:<\/p>\n<table border=\"1\" cellpadding=\"10\">\n<tr>\n<th>V\u00e1ha<\/th>\n<th>\u010co prid\u00e1va<\/th>\n<th>\u010co uber\u00e1<\/th>\n<th>V\u00fdsledok<\/th>\n<\/tr>\n<tr>\n<td>Suver\u00e9nnos\u0165<\/td>\n<td>Kritika E\u00da liber\u00e1lov<\/td>\n<td>Poklony Trumpovi + Putinovi + Si \u0164in-pchingovi<\/td>\n<td>Pr\u00edli\u0161 \u013eahk\u00fd<\/td>\n<\/tr>\n<tr>\n<td>Hospod\u00e1rstvo<\/td>\n<td>Jadrov\u00e1 dohoda (teoreticky)<\/td>\n<td>15 mld \u20ac dlhu + deficit 6 mld \u20ac<\/td>\n<td>Pr\u00edli\u0161 \u013eahk\u00fd<\/td>\n<\/tr>\n<tr>\n<td>D\u00f4veryhodnos\u0165<\/td>\n<td>Vide\u00e1 \u201eSom len agentom SR\u201c<\/td>\n<td>Oto\u010dky 180\u00b0 ka\u017ed\u00e9 2 roky<\/td>\n<td>Pr\u00edli\u0161, pr\u00edli\u0161 \u013eahk\u00fd<\/td>\n<\/tr>\n<\/table>\n<p>TEKEL \u2013 v\u00e1ha ukazuje nulu. Si \u013eah\u0161\u00ed ako perie propaganda\u010dn\u00e9ho bal\u00f3na.<\/p>\n<h2>UFARSIN (Peres) \u2013 Tvoje kr\u00e1\u013eovstvo sa rozdel\u00ed<\/h2>\n<p>Rozdelen\u00e9 medzi:<\/p>\n<ul>\n<li>Ameri\u010danov (jadrov\u00e9 miliardy),<\/li>\n<li>\u010c\u00ed\u0148anov (fabriky a bezv\u00edzov\u00fd styk),<\/li>\n<li>Rusov (\u201e\u0161tandardiz\u00e1cia vz\u0165ahov\u201c a plyn&#8230; mo\u017eno),<\/li>\n<li>a E\u00da liber\u00e1lov (ktor\u00ed \u0165a zv\u00e1\u017eaj\u00fa autobusmi hanby).<\/li>\n<\/ul>\n<p>Kr\u00e1\u013eovstvo SR? Rozdelen\u00e9 na \u010dasti \u2013 jednu berie Trump, druh\u00fa Si, tretiu Putin&#8230; a n\u00e1m ostane dlh, infl\u00e1cia a hanba. Peres \u2013 tvoja vl\u00e1da sa skon\u010d\u00ed rozdelen\u00edm. Mo\u017eno u\u017e v 2027, mo\u017eno sk\u00f4r. Ruka na stene u\u017e p\u00ed\u0161e.<\/p>\n<p><strong>Z\u00e1ver biblickej par\u00f3die:<\/strong> Robert Fico, kr\u00e1\u013e Bel\u0161azar 21. storo\u010dia \u2013 tvoje dni s\u00fa spo\u010d\u00edtan\u00e9, si zv\u00e1\u017een\u00fd a n\u00e1jden\u00fd \u013eahk\u00fd, tvoje \u201ekr\u00e1\u013eovstvo\u201c sa rozdel\u00ed medzi ve\u013emoci. A tentoraz nebude Daniel, kto to zachr\u00e1ni \u2013 len volebn\u00e1 urn\u00e1 a unaven\u00ed voli\u010di.<\/p>\n<p>MENE, MENE, TEKEL, UFARSIN. Amen&#8230; alebo sk\u00f4r GAME OVER. &#x1f3ad;&#x1f4dc;&#x1f1f8;&#x1f1f0;<\/p>\n","protected":false},"excerpt":{"rendered":"<p>Bratislava \/ Mar-a-Lago \/ Peking, 17. janu\u00e1r 2026 \u2013 Ke\u010f kr\u00e1\u013e Bel\u0161azar usporiadal opit\u00fa p\u00e1rty a zneu\u017e\u00edval posv\u00e4tn\u00e9 n\u00e1doby, objavila sa ruka a nap\u00edsala na stenu: MENE, MENE, TEKEL, UFARSIN. Daniel prelo\u017eil: Tvoje dni s\u00fa spo\u010d\u00edtan\u00e9, si zv\u00e1\u017een\u00fd a n\u00e1jden\u00fd \u013eahk\u00fd, tvoje kr\u00e1\u013eovstvo sa rozdel\u00ed a skon\u010d\u00ed. Mene, Mene, Tekel, Ufarsin, kr\u00e1\u013e Fico Dnes, v [&hellip;]<\/p>\n","protected":false},"author":1,"featured_media":0,"comment_status":"closed","ping_status":"open","sticky":false,"template":"","format":"standard","meta":{"footnotes":""},"categories":[5],"tags":[],"class_list":["post-31110","post","type-post","status-publish","format-standard","hentry","category-exo-news"],"_links":{"self":[{"href":"https:\/\/extraslovensko.sk\/spravy\/wp-json\/wp\/v2\/posts\/31110","targetHints":{"allow":["GET"]}}],"collection":[{"href":"https:\/\/extraslovensko.sk\/spravy\/wp-json\/wp\/v2\/posts"}],"about":[{"href":"https:\/\/extraslovensko.sk\/spravy\/wp-json\/wp\/v2\/types\/post"}],"author":[{"embeddable":true,"href":"https:\/\/extraslovensko.sk\/spravy\/wp-json\/wp\/v2\/users\/1"}],"replies":[{"embeddable":true,"href":"https:\/\/extraslovensko.sk\/spravy\/wp-json\/wp\/v2\/comments?post=31110"}],"version-history":[{"count":2,"href":"https:\/\/extraslovensko.sk\/spravy\/wp-json\/wp\/v2\/posts\/31110\/revisions"}],"predecessor-version":[{"id":31112,"href":"https:\/\/extraslovensko.sk\/spravy\/wp-json\/wp\/v2\/posts\/31110\/revisions\/31112"}],"wp:attachment":[{"href":"https:\/\/extraslovensko.sk\/spravy\/wp-json\/wp\/v2\/media?parent=31110"}],"wp:term":[{"taxonomy":"category","embeddable":true,"href":"https:\/\/extraslovensko.sk\/spravy\/wp-json\/wp\/v2\/categories?post=31110"},{"taxonomy":"post_tag","embeddable":true,"href":"https:\/\/extraslovensko.sk\/spravy\/wp-json\/wp\/v2\/tags?post=31110"}],"curies":[{"name":"wp","href":"https:\/\/api.w.org\/{rel}","templated":true}]}}