{"id":31127,"date":"2026-01-17T19:38:24","date_gmt":"2026-01-17T19:38:24","guid":{"rendered":"https:\/\/extraslovensko.sk\/spravy\/?p=31127"},"modified":"2026-01-17T19:38:24","modified_gmt":"2026-01-17T19:38:24","slug":"kto-moze-pravne-zastavit-prezidenta-usa","status":"publish","type":"post","link":"https:\/\/extraslovensko.sk\/spravy\/kto-moze-pravne-zastavit-prezidenta-usa\/","title":{"rendered":"Kto m\u00f4\u017ee pr\u00e1vne zastavi\u0165 prezidenta USA"},"content":{"rendered":"<p>Kto m\u00f4\u017ee pr\u00e1vne zastavi\u0165 prezidenta USA aj v pr\u00edpade Kuby: \u00fastavn\u00e9, medzin\u00e1rodn\u00e9 a in\u0161titucion\u00e1lne brzdy moci. Ot\u00e1zka, kto je schopn\u00fd zastavi\u0165 prezidenta Spojen\u00fdch \u0161t\u00e1tov americk\u00fdch v pr\u00edpade radik\u00e1lneho alebo jednostrann\u00e9ho zahrani\u010dnopolitick\u00e9ho kroku, sa pravidelne vracia do verejnej diskusie. \u010casto sa personifikuje konkr\u00e9tnym prezidentom, napr\u00edklad Donaldom Trumpom, no z pr\u00e1vneho h\u013eadiska nejde o osobu, ale o syst\u00e9m.<\/p>\n<h1>Kto m\u00f4\u017ee pr\u00e1vne zastavi\u0165 prezidenta USA<\/H1><br \/>\nKtor\u00e9 dom\u00e1ce a medzin\u00e1rodn\u00e9 in\u0161tit\u00facie maj\u00fa pr\u00e1vomoc obmedzi\u0165 alebo \u00faplne zablokova\u0165 prezidenta USA aj v hypotetickom scen\u00e1ri z\u00e1sahu vo\u010di Kube. <\/p>\n<h3>Prezident USA nie je suver\u00e9n: \u00fastavn\u00fd r\u00e1mec obmedzenia v\u00fdkonnej moci<\/h3>\n<p>Americk\u00fd prezident nie je nosite\u013eom neobmedzenej moci v zahrani\u010dnej politike. \u00dastava Spojen\u00fdch \u0161t\u00e1tov vytv\u00e1ra syst\u00e9m b\u0155zd a protiv\u00e1h, ktor\u00fd \u00famyselne rozde\u013euje rozhodovanie o pou\u017eit\u00ed sily, sankci\u00e1ch a medzin\u00e1rodn\u00fdch z\u00e1v\u00e4zkoch medzi viacero org\u00e1nov.<\/p>\n<p>Hoci prezident vystupuje ako vrchn\u00fd velite\u013e ozbrojen\u00fdch s\u00edl, t\u00e1to funkcia mu neposkytuje pr\u00e1vomoc vies\u0165 vojnu alebo dlhodob\u00fd ozbrojen\u00fd konflikt bez s\u00fahlasu z\u00e1konodarnej moci.<\/p>\n<h2>Kongres Spojen\u00fdch \u0161t\u00e1tov ako prim\u00e1rna brzda vojensk\u00fdch a sank\u010dn\u00fdch rozhodnut\u00ed<\/h2>\n<p>Kongres m\u00e1 pod\u013ea \u00dastavy v\u00fdlu\u010dn\u00e9 pr\u00e1vo vyhl\u00e1si\u0165 vojnu, schva\u013eova\u0165 vojensk\u00fd rozpo\u010det a regulova\u0165 zahrani\u010dn\u00fd obchod. V pr\u00edpade Kuby to znamen\u00e1, \u017ee prezident nem\u00f4\u017ee legit\u00edmne vies\u0165 rozsiahlu vojensk\u00fa oper\u00e1ciu bez explicitn\u00e9ho s\u00fahlasu Kongresu.<\/p>\n<p>Z\u00e1rove\u0148 m\u00e1 Kongres rozhoduj\u00face slovo pri ekonomick\u00fdch sankci\u00e1ch. Kub\u00e1nske embargo je uk\u00e1\u017ekov\u00fdm pr\u00edkladom toho, \u017ee prezident nem\u00f4\u017ee sank\u010dn\u00fd re\u017eim jednostranne roz\u0161\u00edri\u0165 ani zru\u0161i\u0165 bez legislat\u00edvneho z\u00e1kladu. Kongres m\u00f4\u017ee prezidentove kroky akt\u00edvne zablokova\u0165 prijat\u00edm z\u00e1kona alebo odmietnut\u00edm financovania.<\/p>\n<h3>Sen\u00e1t USA a jeho \u00faloha pri medzin\u00e1rodn\u00fdch z\u00e1v\u00e4zkoch<\/h3>\n<p>Sen\u00e1t zohr\u00e1va k\u013e\u00fa\u010dov\u00fa \u00falohu pri ratifik\u00e1cii medzin\u00e1rodn\u00fdch zml\u00fav a doh\u00f4d. Ak by sa prezident pok\u00fasil uzavrie\u0165 dohodu, ktor\u00e1 by legitimizovala vojensk\u00fd alebo politick\u00fd z\u00e1sah vo\u010di Kube, bez s\u00fahlasu Sen\u00e1tu by tak\u00e1to dohoda nemala pr\u00e1vnu silu.<\/p>\n<p>Sen\u00e1t m\u00e1 z\u00e1rove\u0148 mo\u017enos\u0165 politicky a pr\u00e1vne paralyzova\u0165 prezidenta prostredn\u00edctvom vy\u0161etrovan\u00ed, blokovania nomin\u00e1ci\u00ed a legislat\u00edvneho odporu.<\/p>\n<h2>Feder\u00e1lne s\u00fady a Najvy\u0161\u0161\u00ed s\u00fad USA ako ochrana \u00fastavnosti<\/h2>\n<p>Feder\u00e1lne s\u00fady m\u00f4\u017eu presk\u00famava\u0165, \u010di prezidentove kroky neprekra\u010duj\u00fa \u00fastavn\u00e9 pr\u00e1vomoci. Ak by prezident konal v rozpore s \u00dastavou, Kongresom schv\u00e1len\u00fdmi z\u00e1konmi alebo z\u00e1kladn\u00fdmi pr\u00e1vami, s\u00fady m\u00f4\u017eu jeho rozhodnutia pozastavi\u0165 alebo zru\u0161i\u0165.<\/p>\n<p>Najvy\u0161\u0161\u00ed s\u00fad USA m\u00e1 kone\u010dn\u00e9 slovo v ot\u00e1zkach \u00fastavnosti. Hoci sa s\u00fady tradi\u010dne zdr\u00e1haj\u00fa zasahova\u0165 do zahrani\u010dnej politiky, v pr\u00edpade jasn\u00e9ho poru\u0161enia \u00fastavn\u00fdch limitov s\u00fa opr\u00e1vnen\u00e9 kona\u0165.<\/p>\n<h2>Impeachment ako krajn\u00fd \u00fastavn\u00fd n\u00e1stroj proti prezidentovi<\/h2>\n<p>Ak by prezident systematicky ignoroval \u00fastavn\u00e9 obmedzenia, Kongres m\u00e1 k dispoz\u00edcii n\u00e1stroj impeachmentu. Ide o politicko-pr\u00e1vny proces, ktor\u00e9ho cie\u013eom je odvolanie prezidenta z funkcie za v\u00e1\u017ene poru\u0161enie \u00dastavy alebo z\u00e1konov.<\/p>\n<p>Hoci impeachment nie je r\u00fdchlym mechanizmom, predstavuje z\u00e1sadn\u00fa poistku proti zneu\u017eitiu moci, a to aj v oblasti zahrani\u010dnej politiky.<\/p>\n<h3>OSN ako medzin\u00e1rodn\u00e1 pr\u00e1vna bari\u00e9ra vo\u010di jednostrann\u00e9mu pou\u017eitiu sily<\/h3>\n<p>Na medzin\u00e1rodnej \u00farovni je pou\u017eitie ozbrojenej sily vo\u010di Kube regulovan\u00e9 Chartou OSN. Spojen\u00e9 \u0161t\u00e1ty nem\u00f4\u017eu pr\u00e1vne pou\u017ei\u0165 silu proti in\u00e9mu \u0161t\u00e1tu bez mand\u00e1tu Bezpe\u010dnostnej rady OSN alebo bez splnenia pr\u00edsnych podmienok sebaobrany.<\/p>\n<p>Ak\u00fdko\u013evek vojensk\u00fd z\u00e1sah proti Kube by bol predmetom okam\u017eit\u00e9ho pos\u00fadenia Bezpe\u010dnostnou radou OSN, ktor\u00e1 m\u00e1 pr\u00e1vomoc vyhl\u00e1si\u0165 tak\u00fdto \u010din za poru\u0161enie medzin\u00e1rodn\u00e9ho pr\u00e1va.<\/p>\n<h2>Medzin\u00e1rodn\u00e9 pr\u00e1vo a politick\u00e1 realita sankci\u00ed vo\u010di Kube<\/h2>\n<p>Aj ke\u010f sankcie nepredstavuj\u00fa pou\u017eitie vojenskej sily, podliehaj\u00fa medzin\u00e1rodn\u00e9mu pr\u00e1vu a politick\u00e9mu tlaku. Jednostrann\u00e9 sankcie USA vo\u010di Kube s\u00fa dlhodobo kritizovan\u00e9 Valn\u00fdm zhroma\u017eden\u00edm OSN a nemaj\u00fa univerz\u00e1lnu medzin\u00e1rodn\u00fa podporu.<\/p>\n<p>Prezident USA nem\u00f4\u017ee don\u00fati\u0165 in\u00e9 \u0161t\u00e1ty, aby sa na sankci\u00e1ch podie\u013eali, \u010do v\u00fdrazne obmedzuje ich \u00fa\u010dinnos\u0165 a legit\u00edmnos\u0165.<\/p>\n<h2>Politick\u00e9 a in\u0161titucion\u00e1lne brzdy mimo form\u00e1lneho pr\u00e1va<\/h2>\n<p>Okrem form\u00e1lnych pr\u00e1vnych mechanizmov existuj\u00fa aj siln\u00e9 politick\u00e9 brzdy. Patr\u00ed sem verejn\u00e1 mienka, m\u00e9di\u00e1, spojenci USA a vn\u00fatorn\u00e9 in\u0161tit\u00facie \u0161t\u00e1tu vr\u00e1tane Pentagonu a diplomatick\u00e9ho apar\u00e1tu.<\/p>\n<p>V praxi s\u00fa pr\u00e1ve tieto faktory \u010dasto rozhoduj\u00face pri brzden\u00ed extr\u00e9mnych alebo pr\u00e1vne pochybn\u00fdch krokov prezidenta.<\/p>\n<h2>Prezident USA nem\u00f4\u017ee kona\u0165 s\u00e1m, ani vo\u010di Kube<\/h2>\n<p>Aj v pr\u00edpade silnej osobnosti prezidenta plat\u00ed, \u017ee v\u00fdkon moci v Spojen\u00fdch \u0161t\u00e1toch je syst\u00e9movo obmedzen\u00fd. Kongres, Sen\u00e1t, feder\u00e1lne s\u00fady, Najvy\u0161\u0161\u00ed s\u00fad, OSN a medzin\u00e1rodn\u00e9 pr\u00e1vo spolo\u010dne vytv\u00e1raj\u00fa komplexn\u00fa sie\u0165 b\u0155zd, ktor\u00e9 znemo\u017e\u0148uj\u00fa jednostrann\u00e9 a neleg\u00e1lne kroky.<\/p>\n<p>V pr\u00edpade Kuby tak nejde o ot\u00e1zku v\u00f4le jedn\u00e9ho prezidenta, ale o s\u00fahru dom\u00e1cich a medzin\u00e1rodn\u00fdch pr\u00e1vnych mechanizmov, ktor\u00e9 maj\u00fa schopnos\u0165 tak\u00fdto postup zastavi\u0165 alebo v\u00fdrazne obmedzi\u0165.<\/p>\n","protected":false},"excerpt":{"rendered":"<p>Kto m\u00f4\u017ee pr\u00e1vne zastavi\u0165 prezidenta USA aj v pr\u00edpade Kuby: \u00fastavn\u00e9, medzin\u00e1rodn\u00e9 a in\u0161titucion\u00e1lne brzdy moci. Ot\u00e1zka, kto je schopn\u00fd zastavi\u0165 prezidenta Spojen\u00fdch \u0161t\u00e1tov americk\u00fdch v pr\u00edpade radik\u00e1lneho alebo jednostrann\u00e9ho zahrani\u010dnopolitick\u00e9ho kroku, sa pravidelne vracia do verejnej diskusie. \u010casto sa personifikuje konkr\u00e9tnym prezidentom, napr\u00edklad Donaldom Trumpom, no z pr\u00e1vneho h\u013eadiska nejde o osobu, ale o [&hellip;]<\/p>\n","protected":false},"author":1,"featured_media":0,"comment_status":"closed","ping_status":"open","sticky":false,"template":"","format":"standard","meta":{"footnotes":""},"categories":[5],"tags":[],"class_list":["post-31127","post","type-post","status-publish","format-standard","hentry","category-exo-news"],"_links":{"self":[{"href":"https:\/\/extraslovensko.sk\/spravy\/wp-json\/wp\/v2\/posts\/31127","targetHints":{"allow":["GET"]}}],"collection":[{"href":"https:\/\/extraslovensko.sk\/spravy\/wp-json\/wp\/v2\/posts"}],"about":[{"href":"https:\/\/extraslovensko.sk\/spravy\/wp-json\/wp\/v2\/types\/post"}],"author":[{"embeddable":true,"href":"https:\/\/extraslovensko.sk\/spravy\/wp-json\/wp\/v2\/users\/1"}],"replies":[{"embeddable":true,"href":"https:\/\/extraslovensko.sk\/spravy\/wp-json\/wp\/v2\/comments?post=31127"}],"version-history":[{"count":1,"href":"https:\/\/extraslovensko.sk\/spravy\/wp-json\/wp\/v2\/posts\/31127\/revisions"}],"predecessor-version":[{"id":31128,"href":"https:\/\/extraslovensko.sk\/spravy\/wp-json\/wp\/v2\/posts\/31127\/revisions\/31128"}],"wp:attachment":[{"href":"https:\/\/extraslovensko.sk\/spravy\/wp-json\/wp\/v2\/media?parent=31127"}],"wp:term":[{"taxonomy":"category","embeddable":true,"href":"https:\/\/extraslovensko.sk\/spravy\/wp-json\/wp\/v2\/categories?post=31127"},{"taxonomy":"post_tag","embeddable":true,"href":"https:\/\/extraslovensko.sk\/spravy\/wp-json\/wp\/v2\/tags?post=31127"}],"curies":[{"name":"wp","href":"https:\/\/api.w.org\/{rel}","templated":true}]}}