{"id":31140,"date":"2026-01-18T20:32:12","date_gmt":"2026-01-18T20:32:12","guid":{"rendered":"https:\/\/extraslovensko.sk\/spravy\/?p=31140"},"modified":"2026-01-18T21:20:13","modified_gmt":"2026-01-18T21:20:13","slug":"jadrove-palivo-preco-je-slovensko-opat-lahko-vydieratelne","status":"publish","type":"post","link":"https:\/\/extraslovensko.sk\/spravy\/jadrove-palivo-preco-je-slovensko-opat-lahko-vydieratelne\/","title":{"rendered":"Jadrov\u00e9 palivo: pre\u010do je Slovensko op\u00e4\u0165 \u013eahko vydierate\u013en\u00e9"},"content":{"rendered":"<p>Slovensko sa rado tv\u00e1ri, \u017ee je energeticky sebesta\u010dn\u00e9. M\u00e1me jadrov\u00e9 elektr\u00e1rne, vyr\u00e1bame viac elektriny, ne\u017e spotrebujeme, a politici sa pretekaj\u00fa v re\u010diach o stabilite a suverenite. Len\u017ee pod touto fas\u00e1dou je jedna tich\u00e1 slabina, o ktorej sa hovor\u00ed m\u00e1lo a opatrne: <strong>jadrov\u00e9 palivo<\/strong>. A pr\u00e1ve ono rob\u00ed zo Slovenska op\u00e4\u0165 krajinu, ktor\u00fa je mo\u017en\u00e9 vydiera\u0165 \u2013 potichu, dlhodobo a bez kriku.<\/p>\n<h1>Plyn bol hlu\u010dn\u00fd probl\u00e9m. Palivo je tich\u00e1 pasca.<\/h1>\n<p>Ke\u010f Rusko obmedzilo dod\u00e1vky plynu, videli to v\u0161etci. Ceny vysko\u010dili, vl\u00e1dy panik\u00e1rili, m\u00e9di\u00e1 kri\u010dali o kr\u00edze. Bol to otvoren\u00fd konflikt, okam\u017eit\u00fd tlak a r\u00fdchla politick\u00e1 reakcia.<\/p>\n<p>Pri jadrovom palive ni\u010d tak\u00e9 nevid\u00ed\u0161. \u017diadne zatvoren\u00e9 ventily. \u017diadne titulky o v\u00fdpadkoch. Len zmluvy, technick\u00e9 \u0161pecifik\u00e1cie a licencie. A pr\u00e1ve preto je jadrov\u00e9 palivo politicky ove\u013ea nebezpe\u010dnej\u0161ie ne\u017e plyn.<\/p>\n<h2>Ako funguje jadrov\u00e9 vydieranie<\/h2>\n<h3>Z\u00e1vislos\u0165, ktor\u00e1 sa po\u010d\u00edta na roky<\/h3>\n<p>Jadrov\u00e9 palivo sa neobjedn\u00e1va zo d\u0148a na de\u0148. Pl\u00e1nuje sa roky dopredu. Palivov\u00e9 kampane, v\u00fdroba, testovanie, certifik\u00e1cia \u2013 to v\u0161etko trv\u00e1 dlh\u0161ie ne\u017e jedno volebn\u00e9 obdobie.<\/p>\n<p>Ak dod\u00e1vate\u013e dnes rozhodne, \u017ee o p\u00e1r rokov zmen\u00ed podmienky alebo prestane spolupracova\u0165, n\u00e1sledky poc\u00edti\u0161 a\u017e nesk\u00f4r. A ke\u010f sa probl\u00e9m prejav\u00ed, u\u017e je neskoro reagova\u0165 r\u00fdchlo.<\/p>\n<p><strong>To je ide\u00e1lny n\u00e1stroj na dlhodob\u00fd politick\u00fd n\u00e1tlak.<\/strong><\/p>\n<h3>Bez paliva jadro stoj\u00ed. Bez n\u00e1hrady.<\/h3>\n<p>Plynov\u00fa elektr\u00e1re\u0148 vie\u0161 nahradi\u0165 in\u00fdm zdrojom alebo dovozom. Jadrov\u00fa nie. Ke\u010f nem\u00e1\u0161 palivo, reaktor mus\u00ed \u00eds\u0165 dole. A jeho op\u00e4tovn\u00e9 spustenie netrv\u00e1 dni, ale mesiace.<\/p>\n<p>V\u00fdpadok jadra nie je lok\u00e1lny probl\u00e9m jednej elektr\u00e1rne. Je to z\u00e1sah do celej energetickej s\u00fastavy, cien elektriny a stability siete.<\/p>\n<h2>Slovensk\u00e1 realita: z\u00e1soby, ticho a il\u00fazie<\/h2>\n<h3>\u201eM\u00e1me z\u00e1soby, sme v bezpe\u010d\u00ed\u201c<\/h3>\n<p>\u00c1no, Slovensko m\u00e1 jadrov\u00e9 palivo na nieko\u013eko rokov prev\u00e1dzky. Nie, neznamen\u00e1 to skuto\u010dn\u00fa bezpe\u010dnos\u0165.<\/p>\n<p>Z\u00e1soby nerie\u0161ia z\u00e1vislos\u0165. Len ju ods\u00favaj\u00fa. D\u00e1vaj\u00fa \u010das dod\u00e1vate\u013eovi, nie n\u00e1m. Alternat\u00edvne palivo mus\u00ed by\u0165 vyvinut\u00e9, otestovan\u00e9 a licencovan\u00e9. To v\u0161etko trv\u00e1 roky \u2013 a cel\u00fd ten \u010das sed\u00edme na jednej stoli\u010dke.<\/p>\n<h3>Licencie ako politick\u00fd z\u00e1mok<\/h3>\n<p>Jadrov\u00e9 palivo nie je len fyzick\u00fd produkt. Je to know-how, dizajn palivov\u00fdch kaziet, bezpe\u010dnostn\u00e1 dokument\u00e1cia a schv\u00e1lenia dozorn\u00fdch org\u00e1nov.<\/p>\n<p>Ten, kto kontroluje dizajn paliva, nepriamo kontroluje aj to, kto ho m\u00f4\u017ee nahradi\u0165. Netreba embargo. Sta\u010d\u00ed technick\u00fd detail alebo administrat\u00edvne zdr\u017eanie.<\/p>\n<h2>Pre\u010do sa o tom hovor\u00ed tak m\u00e1lo<\/h2>\n<p>Preto\u017ee jadrov\u00e9 palivo nie je t\u00e9ma pre r\u00fdchle spr\u00e1vy. Je zlo\u017eit\u00e9, technick\u00e9 a bez okam\u017eit\u00e9ho efektu. A hlavne preto, \u017ee by to znamenalo prizna\u0165 nepr\u00edjemn\u00fa pravdu: energetick\u00e1 suverenita Slovenska je st\u00e1le podmienen\u00e1 rozhodnutiami mimo na\u0161ej krajiny.<\/p>\n<h2>Alternat\u00edvy existuj\u00fa, ale nie s\u00fa okam\u017eit\u00e9<\/h2>\n<p>Westinghouse, Framatome a \u010fal\u0161\u00ed dod\u00e1vatelia vyv\u00edjaj\u00fa alternat\u00edvne palivo. Je to spr\u00e1vny smer, ale nie r\u00fdchle rie\u0161enie. Prechod je technicky n\u00e1ro\u010dn\u00fd, drah\u00fd a politicky citliv\u00fd.<\/p>\n<p>Pr\u00e1ve prechodn\u00e9 obdobie je najrizikovej\u0161ie. A presne vtedy je krajina najzranite\u013enej\u0161ia.<\/p>\n<h2>Z\u00e1ver, ktor\u00fd sa do tla\u010dov\u00fdch spr\u00e1v nehod\u00ed<\/h2>\n<p>Slovensko u\u017e nie je vydierate\u013en\u00e9 plynom tak ako kedysi. No jadrov\u00fdm palivom st\u00e1le \u00e1no. Nie hlu\u010dne. Nie okam\u017eite. Ale systematicky.<\/p>\n<p><strong>Plyn vydiera dnes. Jadrov\u00e9 palivo dr\u017e\u00ed krajinu za krk zajtra.<\/strong><\/p>\n<p>A kto si mysl\u00ed, \u017ee ide len o technick\u00fd detail, riskuje, \u017ee sa raz zobud\u00ed do reality, kde u\u017e nebude na v\u00fdber \u2013 len na vysvet\u013eovanie, pre\u010do sme to nechali z\u00e1js\u0165 tak \u010faleko.<\/p>\n<hr>\n<h2>Plynov\u00e9 elektr\u00e1rne: flexibiln\u00fd doplnok alebo z\u00e1chrana siete?<\/h2>\n<p>Po\u010fme sa pozrie\u0165, ko\u013eko plynov\u00fdch elektr\u00e1rn\u00ed maj\u00fa Slovensko a Nemecko a ak\u00fa hraj\u00fa \u00falohu v ich energetickej bilancii.<\/p>\n<h3>&#x1f1e9;&#x1f1ea; Nemecko \u2013 plynov\u00e9 elektr\u00e1rne<\/h3>\n<ul>\n<li>Celkov\u00e1 in\u0161talovan\u00e1 kapacita: <strong>\u2248 27 000 MW (27 GW)<\/strong><\/li>\n<li>Podiel na celkovej v\u00fdrobe elektriny: <strong>\u2248 12\u201315 %<\/strong><\/li>\n<li>Hlavn\u00e9 funkcie:\n<ul>\n<li>Krytie \u0161pi\u010diek spotreby<\/li>\n<li>N\u00e1hrada za vypnut\u00e9 uho\u013en\u00e9 a jadrov\u00e9 bloky<\/li>\n<li>Stabiliz\u00e1cia siete pri v\u00fdkyvoch vetra a slnka<\/li>\n<\/ul>\n<\/li>\n<\/ul>\n<p><em>Pozn\u00e1mka:<\/em> Nemecko sa sna\u017e\u00ed zn\u00ed\u017ei\u0165 z\u00e1vislos\u0165 od rusk\u00e9ho plynu, a preto \u010doraz viac vyu\u017e\u00edva LNG a alternat\u00edvne zdroje.<\/p>\n<h3>&#x1f1f8;&#x1f1f0; Slovensko \u2013 plynov\u00e9 elektr\u00e1rne<\/h3>\n<ul>\n<li>Celkov\u00e1 in\u0161talovan\u00e1 kapacita: <strong>\u2248 1 700 MW (1,7 GW)<\/strong><\/li>\n<li>Podiel na celkovej v\u00fdrobe: <strong>\u2248 5\u20137 %<\/strong><\/li>\n<li>Hlavn\u00e9 funkcie:\n<ul>\n<li>Doplnok k jadru<\/li>\n<li>Pokrytie kr\u00e1tkodob\u00fdch \u0161pi\u010diek a hav\u00e1ri\u00ed<\/li>\n<li>Flexibilita pri v\u00fdpadkoch vody alebo sol\u00e1rnej energie<\/li>\n<\/ul>\n<\/li>\n<\/ul>\n<p><em>Pozn\u00e1mka:<\/em> Slovensko je st\u00e1le silne z\u00e1visl\u00e9 na jadre, plynov\u00e9 zdroje s\u00fa len doplnok.<\/p>\n<h3>Preh\u013eadn\u00e1 tabu\u013eka<\/h3>\n<table border=\"1\" cellpadding=\"5\" cellspacing=\"0\">\n<tr>\n<th>Krajina<\/th>\n<th>Kapacita plynu<\/th>\n<th>Podiel na v\u00fdrobe<\/th>\n<th>Funkcia<\/th>\n<\/tr>\n<tr>\n<td>Nemecko<\/td>\n<td>27\u202fGW<\/td>\n<td>12\u201315 %<\/td>\n<td>Flexibilita + n\u00e1hrada OZE<\/td>\n<\/tr>\n<tr>\n<td>Slovensko<\/td>\n<td>1,7\u202fGW<\/td>\n<td>5\u20137 %<\/td>\n<td>Doplnok k jadru + \u0161pi\u010dky<\/td>\n<\/tr>\n<\/table>\n<h2>Tak ako sa zn\u00ed\u017ei cena po spusten\u00ed Westinghouse?<\/h2>\n<p>Presne nikto nevie dopredu &#x1f605;. Aj ke\u010f nov\u00e9 bloky s <strong>Westinghouse palivom<\/strong> bud\u00fa lacnej\u0161ie na v\u00fdrobu elektriny, mesa\u010dn\u00e9 \u00fa\u010dty dom\u00e1cnost\u00ed nemusia hne\u010f klesn\u00fa\u0165.<\/p>\n<ul>\n<li>Cena na trhu z\u00e1vis\u00ed od dopytu, ponuky, exportu a po\u010dasia (vietor, slnko).<\/li>\n<li>Poplatky, dane a pr\u00edspevky na OZE a jadro zostan\u00fa nez\u00e1visle od nov\u00e9ho bloku.<\/li>\n<li>Trhov\u00e9 mechanizmy \u010dasto ur\u010duj\u00fa cenu pod\u013ea najdrah\u0161ieho zdroja potrebn\u00e9ho v dan\u00fd moment.<\/li>\n<\/ul>\n<p>Tak\u017ee lacnej\u0161ie jadro = super pre energetiku, ale <em>spotrebite\u013esk\u00e9 \u00fa\u010dty zost\u00e1vaj\u00fa neist\u00e9<\/em> &#x1f60e;<\/p>\n","protected":false},"excerpt":{"rendered":"<p>Slovensko sa rado tv\u00e1ri, \u017ee je energeticky sebesta\u010dn\u00e9. M\u00e1me jadrov\u00e9 elektr\u00e1rne, vyr\u00e1bame viac elektriny, ne\u017e spotrebujeme, a politici sa pretekaj\u00fa v re\u010diach o stabilite a suverenite. Len\u017ee pod touto fas\u00e1dou je jedna tich\u00e1 slabina, o ktorej sa hovor\u00ed m\u00e1lo a opatrne: jadrov\u00e9 palivo. A pr\u00e1ve ono rob\u00ed zo Slovenska op\u00e4\u0165 krajinu, ktor\u00fa je mo\u017en\u00e9 vydiera\u0165 [&hellip;]<\/p>\n","protected":false},"author":1,"featured_media":0,"comment_status":"closed","ping_status":"open","sticky":false,"template":"","format":"standard","meta":{"footnotes":""},"categories":[5],"tags":[],"class_list":["post-31140","post","type-post","status-publish","format-standard","hentry","category-exo-news"],"_links":{"self":[{"href":"https:\/\/extraslovensko.sk\/spravy\/wp-json\/wp\/v2\/posts\/31140","targetHints":{"allow":["GET"]}}],"collection":[{"href":"https:\/\/extraslovensko.sk\/spravy\/wp-json\/wp\/v2\/posts"}],"about":[{"href":"https:\/\/extraslovensko.sk\/spravy\/wp-json\/wp\/v2\/types\/post"}],"author":[{"embeddable":true,"href":"https:\/\/extraslovensko.sk\/spravy\/wp-json\/wp\/v2\/users\/1"}],"replies":[{"embeddable":true,"href":"https:\/\/extraslovensko.sk\/spravy\/wp-json\/wp\/v2\/comments?post=31140"}],"version-history":[{"count":3,"href":"https:\/\/extraslovensko.sk\/spravy\/wp-json\/wp\/v2\/posts\/31140\/revisions"}],"predecessor-version":[{"id":31143,"href":"https:\/\/extraslovensko.sk\/spravy\/wp-json\/wp\/v2\/posts\/31140\/revisions\/31143"}],"wp:attachment":[{"href":"https:\/\/extraslovensko.sk\/spravy\/wp-json\/wp\/v2\/media?parent=31140"}],"wp:term":[{"taxonomy":"category","embeddable":true,"href":"https:\/\/extraslovensko.sk\/spravy\/wp-json\/wp\/v2\/categories?post=31140"},{"taxonomy":"post_tag","embeddable":true,"href":"https:\/\/extraslovensko.sk\/spravy\/wp-json\/wp\/v2\/tags?post=31140"}],"curies":[{"name":"wp","href":"https:\/\/api.w.org\/{rel}","templated":true}]}}