{"id":31230,"date":"2026-01-26T10:47:31","date_gmt":"2026-01-26T10:47:31","guid":{"rendered":"https:\/\/extraslovensko.sk\/spravy\/?p=31230"},"modified":"2026-01-26T10:47:31","modified_gmt":"2026-01-26T10:47:31","slug":"politicke-narativy-a-obhajoba-v-kauze-kuciak","status":"publish","type":"post","link":"https:\/\/extraslovensko.sk\/spravy\/politicke-narativy-a-obhajoba-v-kauze-kuciak\/","title":{"rendered":"Politick\u00e9 narat\u00edvy a obhajoba v kauze Kuciak"},"content":{"rendered":"<h1>Politick\u00e9 narat\u00edvy a obhajoba v kauze Kuciak<\/h1>\n<p>Kauza vra\u017edy J\u00e1na Kuciaka a Martiny Ku\u0161n\u00edrovej patr\u00ed k najsledovanej\u0161\u00edm s\u00fadnym procesom na Slovensku. Okrem samotn\u00fdch faktov zo spisu sa obhajoba \u010dasto pohybuje aj v oblasti politick\u00fdch narat\u00edvov a verejn\u00fdch v\u00fdrokoch, ktor\u00e9 m\u00f4\u017eu ovplyvni\u0165 vn\u00edmanie skutku.<\/p>\n<h2>Pr\u00e1vo nevypoveda\u0165 a strat\u00e9gia obhajoby<\/h2>\n<p>Ka\u017ed\u00fd ob\u017ealovan\u00fd m\u00e1 v trestnom pr\u00e1ve absol\u00fatne pr\u00e1vo nevypoveda\u0165. Ml\u010danie nie je priznanie viny a nem\u00f4\u017ee by\u0165 hodnoten\u00e9 proti nemu. Obhajcovia odpor\u00fa\u010daj\u00fa klientom ml\u010da\u0165, ak by v\u00fdpove\u010f mohla otvori\u0165 nov\u00e9 rizik\u00e1 alebo po\u0161kodi\u0165 ich pr\u00e1vnu poz\u00edciu.<\/p>\n<h2>Politick\u00e9 narat\u00edvy ako s\u00fa\u010das\u0165 obhajoby<\/h2>\n<p>Verejn\u00e9 v\u00fdroky politikov, m\u00e9di\u00e1 a \u0161pekul\u00e1cie vytv\u00e1raj\u00fa dojem, \u017ee niektor\u00e9 osoby s\u00fa spojen\u00e9 alebo podozriv\u00e9. Obhajoba tieto narat\u00edvy vyu\u017e\u00edva na:<\/p>\n<ul>\n<li>spochybnenie motiv\u00e1cie a spojen\u00ed medzi ob\u017ealovan\u00fdmi,<\/li>\n<li>vytvorenie alternat\u00edvnych pr\u00edbehov, ktor\u00e9 oslabuj\u00fa re\u0165az nepriamych d\u00f4kazov,<\/li>\n<li>vytvorenie rozumn\u00fdch pochybnost\u00ed, ktor\u00e9 s\u00fa k\u013e\u00fa\u010dov\u00e9 v trestnom pr\u00e1ve.<\/li>\n<\/ul>\n<h3>Rozbitie d\u00f4kaznej re\u0165aze<\/h3>\n<p>Pri nepriamych d\u00f4kazoch je strat\u00e9gia obhajoby jednoduch\u00e1: spochybni ka\u017ed\u00fd \u010dl\u00e1nok re\u0165aze, napr\u00edklad:<\/p>\n<ul>\n<li>interpret\u00e1cia Threema spr\u00e1v \u2013 viac v\u00fdznamov, k\u00f3dovan\u00fd jazyk, nejasn\u00fd \u00famysel,<\/li>\n<li>peniaze \u2013 \u010dasov\u00e1 n\u00e1slednos\u0165 a \u00fa\u010del,<\/li>\n<li>v\u00fdkonnos\u0165 \u2013 \u010di vykon\u00e1vate\u013e konal na pr\u00edkaz ob\u017ealovan\u00e9ho.<\/li>\n<\/ul>\n<p>Ak sa podar\u00ed oslabi\u0165 aj jeden \u010dl\u00e1nok, cel\u00fd d\u00f4kazn\u00fd re\u0165azec sa st\u00e1va nepresved\u010div\u00fdm.<\/p>\n<h3>Politick\u00e9 vz\u0165ahy a verejn\u00e1 r\u00e9torika<\/h3>\n<p>Vz\u0165ahy typu Ko\u010dner \u2013 Ha\u0161\u010d\u00e1k \u2013 Fico a verejn\u00e9 v\u00fdroky politikov nemaj\u00fa priamu pr\u00e1vnu v\u00e1hu. Obhajoba ich v\u0161ak m\u00f4\u017ee pou\u017ei\u0165 na vytvorenie kontextu neistoty, ukazuj\u00fac, \u017ee verejn\u00e9 inform\u00e1cie s\u00fa sk\u00f4r s\u00fa\u010das\u0165ou politick\u00e9ho boja ne\u017e pevn\u00fdmi d\u00f4kazmi.<\/p>\n<h2>Verejn\u00e1 r\u00e9torika a procesn\u00e9 dopady<\/h2>\n<p>V\u00fdroky ako \u201eNenechajme si zobra\u0165 pravdu o Kuciakovi. A my raz povieme, kto Kuciaka zabil\u201c s\u00fa politick\u00e9 slogany, nie d\u00f4kazy. Obhajoba m\u00f4\u017ee argumentova\u0165, \u017ee tak\u00e9to tvrdenia vytv\u00e1raj\u00fa chaos a spochyb\u0148uj\u00fa d\u00f4veryhodnos\u0165 inform\u00e1ci\u00ed, \u010d\u00edm sa oslabuje nepriamy d\u00f4kazn\u00fd materi\u00e1l.<\/p>\n<h2>Rozumn\u00e9 pochybnosti ako n\u00e1stroj obhajoby<\/h2>\n<p>V trestnom pr\u00e1ve plat\u00ed, \u017ee ak existuje rozumn\u00fd alternat\u00edvny v\u00fdklad udalost\u00ed, s\u00fad mus\u00ed vybra\u0165 ten miernej\u0161\u00ed pre ob\u017ealovan\u00e9ho. Politick\u00e9 narat\u00edvy a medi\u00e1lne v\u00fdroky sa \u010dasto vyu\u017e\u00edvaj\u00fa na vytvorenie t\u00fdchto rozumn\u00fdch pochybnost\u00ed, \u010do obhajobe poskytuje pr\u00e1vnu v\u00fdhodu.<\/p>\n<p>V kauze Kuciak s\u00fa politick\u00e9 narat\u00edvy a verejn\u00e9 v\u00fdroky ob\u013e\u00faben\u00fdm n\u00e1strojom \u0161pi\u010dkovej obhajoby. Ich cie\u013eom nie je spochybni\u0165 fakt, \u017ee sa skutok stal, ale oslabi\u0165 dok\u00e1zate\u013enos\u0165 viny a vytvori\u0165 rozumn\u00e9 pochybnosti. Tento pr\u00edstup zd\u00f4raz\u0148uje rozdiel medzi verejn\u00fdm dojmom a pr\u00e1vne dok\u00e1zanou pravdou.<\/p>\n","protected":false},"excerpt":{"rendered":"<p>Politick\u00e9 narat\u00edvy a obhajoba v kauze Kuciak Kauza vra\u017edy J\u00e1na Kuciaka a Martiny Ku\u0161n\u00edrovej patr\u00ed k najsledovanej\u0161\u00edm s\u00fadnym procesom na Slovensku. Okrem samotn\u00fdch faktov zo spisu sa obhajoba \u010dasto pohybuje aj v oblasti politick\u00fdch narat\u00edvov a verejn\u00fdch v\u00fdrokoch, ktor\u00e9 m\u00f4\u017eu ovplyvni\u0165 vn\u00edmanie skutku. Pr\u00e1vo nevypoveda\u0165 a strat\u00e9gia obhajoby Ka\u017ed\u00fd ob\u017ealovan\u00fd m\u00e1 v trestnom pr\u00e1ve absol\u00fatne [&hellip;]<\/p>\n","protected":false},"author":1,"featured_media":0,"comment_status":"closed","ping_status":"open","sticky":false,"template":"","format":"standard","meta":{"footnotes":""},"categories":[5],"tags":[],"class_list":["post-31230","post","type-post","status-publish","format-standard","hentry","category-exo-news"],"_links":{"self":[{"href":"https:\/\/extraslovensko.sk\/spravy\/wp-json\/wp\/v2\/posts\/31230","targetHints":{"allow":["GET"]}}],"collection":[{"href":"https:\/\/extraslovensko.sk\/spravy\/wp-json\/wp\/v2\/posts"}],"about":[{"href":"https:\/\/extraslovensko.sk\/spravy\/wp-json\/wp\/v2\/types\/post"}],"author":[{"embeddable":true,"href":"https:\/\/extraslovensko.sk\/spravy\/wp-json\/wp\/v2\/users\/1"}],"replies":[{"embeddable":true,"href":"https:\/\/extraslovensko.sk\/spravy\/wp-json\/wp\/v2\/comments?post=31230"}],"version-history":[{"count":1,"href":"https:\/\/extraslovensko.sk\/spravy\/wp-json\/wp\/v2\/posts\/31230\/revisions"}],"predecessor-version":[{"id":31232,"href":"https:\/\/extraslovensko.sk\/spravy\/wp-json\/wp\/v2\/posts\/31230\/revisions\/31232"}],"wp:attachment":[{"href":"https:\/\/extraslovensko.sk\/spravy\/wp-json\/wp\/v2\/media?parent=31230"}],"wp:term":[{"taxonomy":"category","embeddable":true,"href":"https:\/\/extraslovensko.sk\/spravy\/wp-json\/wp\/v2\/categories?post=31230"},{"taxonomy":"post_tag","embeddable":true,"href":"https:\/\/extraslovensko.sk\/spravy\/wp-json\/wp\/v2\/tags?post=31230"}],"curies":[{"name":"wp","href":"https:\/\/api.w.org\/{rel}","templated":true}]}}