{"id":31233,"date":"2026-01-26T10:51:41","date_gmt":"2026-01-26T10:51:41","guid":{"rendered":"https:\/\/extraslovensko.sk\/spravy\/?p=31233"},"modified":"2026-01-26T10:55:40","modified_gmt":"2026-01-26T10:55:40","slug":"ficove-vyroky-a-tribuna-vs-policia-kauza-kuciak","status":"publish","type":"post","link":"https:\/\/extraslovensko.sk\/spravy\/ficove-vyroky-a-tribuna-vs-policia-kauza-kuciak\/","title":{"rendered":"Ficove v\u00fdroky a trib\u00fana vs. pol\u00edcia, kauza Kuciak"},"content":{"rendered":"<h1>Ficove v\u00fdroky v kauze Kuciak: trib\u00fana vs. pol\u00edcia<\/h1>\n<p>Kauza vra\u017edy J\u00e1na Kuciaka a Martiny Ku\u0161n\u00edrovej priniesla mno\u017estvo medi\u00e1lnych a politick\u00fdch vyjadren\u00ed. Jedn\u00fdm z najcitovanej\u0161\u00edch je v\u00fdrok Roberta Fica: \u201eNenechajme si zobra\u0165 pravdu o Kuciakovi. A my raz povieme, kto Kuciaka zabil. A bud\u00fa v\u0161etci \u0161okovan\u00ed, kto Kuciaka zabil.\u201c Tento typ v\u00fdroku je typick\u00fdm pr\u00edkladom politickej r\u00e9toriky, ktor\u00e1 sa v trestnopr\u00e1vnom kontexte hodnot\u00ed ve\u013emi opatrne.<\/p>\n<h2>Politick\u00e9 v\u00fdroky vs. pr\u00e1vna v\u00e1ha<\/h2>\n<p>Ficove slov\u00e1 s\u00fa sk\u00f4r v\u00fdzvou pre verejnos\u0165 a m\u00e9di\u00e1 ne\u017e d\u00f4kazom v trestnom konan\u00ed. S\u00fad sa mus\u00ed s\u00fastredi\u0165 na materi\u00e1lne fakty \u2013 dokumenty, svedkovsk\u00e9 v\u00fdpovede a in\u00e9 relevantn\u00e9 d\u00f4kazy. Verejn\u00e9 v\u00fdkri\u010dn\u00edky, slogany a predpovede \u201ebud\u00fa \u0161okovan\u00ed\u201c nemaj\u00fa pr\u00e1vnu v\u00e1hu a nem\u00f4\u017eu ovplyvni\u0165 verdikt.<\/p>\n<h3>Kto m\u00e1 d\u00f4kazy, ide na pol\u00edciu. Kto nem\u00e1 d\u00f4kazy, ide na trib\u00fanu.<\/h3>\n<p>Ficov v\u00fdrok je presne ilustr\u00e1ciou tejto z\u00e1sady. Ak by politik alebo verejn\u00e1 osoba disponovala d\u00f4kazmi o vra\u017ede, pr\u00e1vne aj mor\u00e1lne by ich musela odovzda\u0165 org\u00e1nom \u010dinn\u00fdm v trestnom konan\u00ed. Ak ich nem\u00e1, pou\u017e\u00edva trib\u00fanu \u2013 verejnos\u0165 a medi\u00e1lny priestor \u2013 na vytvorenie dojmu kontroly a informovanosti. Tento jav ukazuje rozdiel medzi pr\u00e1vnou realitou a politick\u00fdm narat\u00edvom.<\/p>\n<h2>Pre\u010do obhajoba m\u00f4\u017ee tieto narat\u00edvy vyu\u017ei\u0165<\/h2>\n<p>\u0160pi\u010dkov\u00e1 obhajoba vie, \u017ee politick\u00e1 r\u00e9torika m\u00f4\u017ee sl\u00fa\u017ei\u0165 ako \u201e\u0161t\u00edt\u201c proti nepriamym d\u00f4kazom. Ak s\u00fa verejn\u00e9 v\u00fdroky chaotick\u00e9 alebo protichodn\u00e9, obhajoba m\u00f4\u017ee argumentova\u0165, \u017ee inform\u00e1cie s\u00fa politicky motivovan\u00e9 a nie pevne dok\u00e1zan\u00e9. V\u00fdsledkom je vznik rozumn\u00fdch pochybnost\u00ed, ktor\u00e9 s\u00fa v trestnom pr\u00e1ve rozhoduj\u00face.<\/p>\n<h3>Pr\u00e1vny kontext<\/h3>\n<p>V trestnom konan\u00ed plat\u00ed, \u017ee rozhoduje sa len na z\u00e1klade d\u00f4kazov. Rozumn\u00e9 pochybnosti sa v prospech ob\u017ealovan\u00e9ho neprekonaj\u00fa verejnou r\u00e9torikou ani politick\u00fdmi tvrdeniami. Preto v\u00fdroky typu Fico \u2013 trib\u00fana vs. pol\u00edcia \u2013 nem\u00f4\u017eu nahradi\u0165 prokur\u00e1torsk\u00e9 vy\u0161etrovanie ani s\u00fadne konanie.<\/p>\n<p>V\u00fdroky Roberta Fica ukazuj\u00fa, \u017ee politika a verejn\u00e1 r\u00e9torika m\u00f4\u017eu vytv\u00e1ra\u0165 dojem kontroly a \u201eskrytej pravdy\u201c, av\u0161ak v trestnopr\u00e1vnom kontexte sa hodnotia striktne pod\u013ea d\u00f4kazov. <\/p>\n<p>Ako povedan\u00e9: <strong>Kto m\u00e1 d\u00f4kazy, ide na pol\u00edciu. Kto nem\u00e1 d\u00f4kazy, ide na trib\u00fanu.<\/strong> Obhajoba m\u00f4\u017ee tieto politick\u00e9 narat\u00edvy vyu\u017ei\u0165 na vytvorenie rozumn\u00fdch pochybnost\u00ed a oslabenie nepriamych d\u00f4kazov, \u010d\u00edm sa zvy\u0161uje pr\u00e1vna istota pre ob\u017ealovan\u00e9ho.<\/p>\n<h1>Pr\u00e1vna istota ob\u017ealovan\u00e9ho v kauze Kuciak<\/h1>\n<p>V trestnom pr\u00e1ve je k\u013e\u00fa\u010dov\u00e9 zabezpe\u010di\u0165, aby ob\u017ealovan\u00fd nebol nespravodlivo ods\u00faden\u00fd. V kauze Kuciak sa obhajoba \u0161pi\u010dkovej \u00farovne sna\u017e\u00ed maximalizova\u0165 pr\u00e1vnu istotu klienta vyu\u017eit\u00edm z\u00e1konn\u00fdch n\u00e1strojov a rozumn\u00fdch pochybnost\u00ed.<\/p>\n<h2>1. Striktn\u00e9 dodr\u017eiavanie d\u00f4kazn\u00e9ho bremena<\/h2>\n<p>Prokurat\u00fara mus\u00ed dok\u00e1za\u0165 vinu ob\u017ealovan\u00e9ho <strong>bez rozumn\u00fdch pochybnost\u00ed<\/strong>. Ka\u017ed\u00fd d\u00f4kaz mus\u00ed by\u0165:<\/p>\n<ul>\n<li>z\u00edskan\u00fd z\u00e1konne,<\/li>\n<li>overite\u013en\u00fd,<\/li>\n<li>jasne spojen\u00fd so skutkom.<\/li>\n<\/ul>\n<p>Ak re\u0165az d\u00f4kazov nie je \u00fapln\u00e1, ob\u017ealovan\u00fd m\u00e1 pr\u00e1vnu istotu, \u017ee rozsudok nem\u00f4\u017ee by\u0165 zalo\u017een\u00fd na domnienkach.<\/p>\n<h2>2. Pr\u00e1vo nevypoveda\u0165<\/h2>\n<p>Ob\u017ealovan\u00fd m\u00e1 absol\u00fatne pr\u00e1vo ml\u010da\u0165. Ml\u010danie nie je priznanie viny a strategick\u00e9 ml\u010danie zni\u017euje riziko, \u017ee politick\u00e9 alebo verejn\u00e9 narat\u00edvy po\u0161kodia procesn\u00fa poz\u00edciu klienta.<\/p>\n<h2>3. Neutraliz\u00e1cia politick\u00fdch narat\u00edvov<\/h2>\n<p>Verejn\u00e9 v\u00fdroky politikov, m\u00e9di\u00e1 a \u0161pekul\u00e1cie m\u00f4\u017eu vytv\u00e1ra\u0165 dojem \u201ezn\u00e1mej pravdy\u201c. Obhajoba tieto narat\u00edvy vyu\u017e\u00edva na:<\/p>\n<ul>\n<li>spochybnenie motiv\u00e1cie a spojen\u00ed medzi ob\u017ealovan\u00fdmi,<\/li>\n<li>vytvorenie alternat\u00edvnych pr\u00edbehov, ktor\u00e9 oslabuj\u00fa re\u0165az nepriamych d\u00f4kazov,<\/li>\n<li>zv\u00fd\u0161enie rozumn\u00fdch pochybnost\u00ed v prospech ob\u017ealovan\u00e9ho.<\/li>\n<\/ul>\n<h2>4. Procesn\u00e9 garancie<\/h2>\n<p>Ka\u017ed\u00fd krok vy\u0161etrovania a s\u00fadneho konania mus\u00ed by\u0165 transparentn\u00fd a v s\u00falade so z\u00e1konom. Ide o:<\/p>\n<ul>\n<li>spr\u00e1vne zaistenie d\u00f4kazov (chain of custody),<\/li>\n<li>z\u00e1konn\u00e9 odposluchy a zaistenie elektronick\u00fdch d\u00f4kazov,<\/li>\n<li>zachovanie rovnosti zbran\u00ed medzi prokur\u00e1torom a obhajobou.<\/li>\n<\/ul>\n<p>Dodr\u017eanie t\u00fdchto pravidiel eliminuje mo\u017enos\u0165 po\u0161kodenia ob\u017ealovan\u00e9ho procesn\u00fdmi chybami.<\/p>\n<h2>5. Jasn\u00e1 interpret\u00e1cia nepriamych d\u00f4kazov<\/h2>\n<p>Nepriame d\u00f4kazy, ako s\u00fa Threema spr\u00e1vy, finan\u010dn\u00e9 prevody alebo kontakty, musia by\u0165 hodnoten\u00e9 samostatne aj v kontexte celku. Obhajoba m\u00f4\u017ee pouk\u00e1za\u0165 na alternat\u00edvne vysvetlenia a viacv\u00fdznamov\u00e9 interpret\u00e1cie, \u010d\u00edm sa zni\u017euje riziko nespravodliv\u00e9ho ods\u00fadenia.<\/p>\n<h2>6. Rozumn\u00e9 pochybnosti ako \u0161tandard<\/h2>\n<p>Ak existuje rozumn\u00fd alternat\u00edvny v\u00fdklad udalost\u00ed, s\u00fad sa mus\u00ed rozhodn\u00fa\u0165 v prospech ob\u017ealovan\u00e9ho. Politick\u00e9 narat\u00edvy a verejn\u00e9 v\u00fdroky s\u00fa \u010dasto s\u00fa\u010das\u0165ou strat\u00e9gie obhajoby na vytvorenie t\u00fdchto pochybnost\u00ed.<\/p>\n<h2>7. Kontrola medi\u00e1lneho tlaku<\/h2>\n<p>S\u00fad nesmie by\u0165 ovplyvnen\u00fd verejnou mienkou ani politick\u00fdmi v\u00fdrokmi. Obhajoba rozde\u013euje to, \u010do sa hovor\u00ed na trib\u00fane, od toho, \u010do je pevne dok\u00e1zan\u00e9 v spise, \u010d\u00edm sa posil\u0148uje pr\u00e1vna istota ob\u017ealovan\u00e9ho.<\/p>\n<p>Pr\u00e1vna istota ob\u017ealovan\u00e9ho sa zvy\u0161uje kombin\u00e1ciou z\u00e1konn\u00fdch d\u00f4kazov, pr\u00e1va nevypoveda\u0165, neutraliz\u00e1cie politick\u00fdch narat\u00edvov, transparentn\u00e9ho procesu a spr\u00e1vne interpretovan\u00fdch nepriamych d\u00f4kazov. <\/p>\n<p>Ako povedan\u00e9:<\/p>\n<p><strong>Kto m\u00e1 d\u00f4kazy, ide na pol\u00edciu. Kto nem\u00e1 d\u00f4kazy, ide na trib\u00fanu.<\/strong> Tento princ\u00edp je z\u00e1kladom spravodliv\u00e9ho trestn\u00e9ho konania a ochrany ob\u017ealovan\u00e9ho pred nespravodliv\u00fdm rozsudkom.<\/p>\n","protected":false},"excerpt":{"rendered":"<p>Ficove v\u00fdroky v kauze Kuciak: trib\u00fana vs. pol\u00edcia Kauza vra\u017edy J\u00e1na Kuciaka a Martiny Ku\u0161n\u00edrovej priniesla mno\u017estvo medi\u00e1lnych a politick\u00fdch vyjadren\u00ed. Jedn\u00fdm z najcitovanej\u0161\u00edch je v\u00fdrok Roberta Fica: \u201eNenechajme si zobra\u0165 pravdu o Kuciakovi. A my raz povieme, kto Kuciaka zabil. A bud\u00fa v\u0161etci \u0161okovan\u00ed, kto Kuciaka zabil.\u201c Tento typ v\u00fdroku je typick\u00fdm pr\u00edkladom politickej [&hellip;]<\/p>\n","protected":false},"author":1,"featured_media":0,"comment_status":"closed","ping_status":"open","sticky":false,"template":"","format":"standard","meta":{"footnotes":""},"categories":[5],"tags":[],"class_list":["post-31233","post","type-post","status-publish","format-standard","hentry","category-exo-news"],"_links":{"self":[{"href":"https:\/\/extraslovensko.sk\/spravy\/wp-json\/wp\/v2\/posts\/31233","targetHints":{"allow":["GET"]}}],"collection":[{"href":"https:\/\/extraslovensko.sk\/spravy\/wp-json\/wp\/v2\/posts"}],"about":[{"href":"https:\/\/extraslovensko.sk\/spravy\/wp-json\/wp\/v2\/types\/post"}],"author":[{"embeddable":true,"href":"https:\/\/extraslovensko.sk\/spravy\/wp-json\/wp\/v2\/users\/1"}],"replies":[{"embeddable":true,"href":"https:\/\/extraslovensko.sk\/spravy\/wp-json\/wp\/v2\/comments?post=31233"}],"version-history":[{"count":2,"href":"https:\/\/extraslovensko.sk\/spravy\/wp-json\/wp\/v2\/posts\/31233\/revisions"}],"predecessor-version":[{"id":31235,"href":"https:\/\/extraslovensko.sk\/spravy\/wp-json\/wp\/v2\/posts\/31233\/revisions\/31235"}],"wp:attachment":[{"href":"https:\/\/extraslovensko.sk\/spravy\/wp-json\/wp\/v2\/media?parent=31233"}],"wp:term":[{"taxonomy":"category","embeddable":true,"href":"https:\/\/extraslovensko.sk\/spravy\/wp-json\/wp\/v2\/categories?post=31233"},{"taxonomy":"post_tag","embeddable":true,"href":"https:\/\/extraslovensko.sk\/spravy\/wp-json\/wp\/v2\/tags?post=31233"}],"curies":[{"name":"wp","href":"https:\/\/api.w.org\/{rel}","templated":true}]}}