{"id":31236,"date":"2026-01-26T11:02:16","date_gmt":"2026-01-26T11:02:16","guid":{"rendered":"https:\/\/extraslovensko.sk\/spravy\/?p=31236"},"modified":"2026-01-26T11:02:16","modified_gmt":"2026-01-26T11:02:16","slug":"preco-sud-nekona-voci-ficovi-a-uloha-generalneho-prokuratora","status":"publish","type":"post","link":"https:\/\/extraslovensko.sk\/spravy\/preco-sud-nekona-voci-ficovi-a-uloha-generalneho-prokuratora\/","title":{"rendered":"Pre\u010do s\u00fad nekon\u00e1 vo\u010di Ficovi a \u00faloha Gener\u00e1lneho prokur\u00e1tora"},"content":{"rendered":"<h1>Pre\u010do s\u00fad nekon\u00e1 vo\u010di Ficovi a \u00faloha Gener\u00e1lneho prokur\u00e1tora<\/h1>\n<p>V kauze vra\u017edy J\u00e1na Kuciaka a Martiny Ku\u0161n\u00edrovej sa \u010dasto spom\u00edna ot\u00e1zka, pre\u010do s\u00fad nepredvolal Roberta Fica ako svedka, aj ke\u010f verejn\u00e9 v\u00fdroky a politick\u00e9 prepojenia vyvol\u00e1vaj\u00fa pozornos\u0165 verejnosti. Vysvetl\u00edme pr\u00e1vny r\u00e1mec, d\u00f4vody, procesn\u00e9 prek\u00e1\u017eky a \u00falohu Gener\u00e1lneho prokur\u00e1tora.<\/p>\n<h2>1. S\u00fad a pr\u00e1vne krit\u00e9ri\u00e1 predvolania svedka<\/h2>\n<p>S\u00fad m\u00f4\u017ee predvola\u0165 ka\u017ed\u00e9ho, kto m\u00e1 relevantn\u00e9 fakty k pr\u00edpadu, ale mus\u00ed re\u0161pektova\u0165 z\u00e1konn\u00e9 podmienky:<\/p>\n<ul>\n<li>D\u00f4kazy musia by\u0165 relevantn\u00e9 a procesne \u010dist\u00e9.<\/li>\n<li>Verejn\u00e1 poz\u00edcia alebo politick\u00e1 kari\u00e9ra svedka sama o sebe nie je d\u00f4vodom na predvolanie.<\/li>\n<li>S\u00fad zv\u00e1\u017ei, \u010di v\u00fdpove\u010f prispeje k objasneniu skutku, alebo \u010di je iba politicky mot\u00edvovan\u00e1.<\/li>\n<\/ul>\n<h2>2. Politick\u00e1 exponovanos\u0165 a procesn\u00e9 komplik\u00e1cie<\/h2>\n<p>Predvolanie b\u00fdval\u00e9ho premi\u00e9ra alebo vysokej politickej osobnosti prin\u00e1\u0161a rizik\u00e1:<\/p>\n<ul>\n<li>Medi\u00e1lny tlak, ktor\u00fd m\u00f4\u017ee ovplyvni\u0165 verejn\u00fa mienku a percepciu procesu.<\/li>\n<li>Pr\u00e1vne n\u00e1mietky typu imunity alebo odporu na z\u00e1klade z\u00e1konn\u00fdch v\u00fdnimiek.<\/li>\n<li>Mo\u017enos\u0165, \u017ee svedok odmietne vypoveda\u0165 alebo poskytne nejednozna\u010dn\u00fa v\u00fdpove\u010f, \u010do m\u00f4\u017ee proces sk\u00f4r komplikova\u0165 ne\u017e objasni\u0165.<\/li>\n<\/ul>\n<h2>3. \u00daloha Gener\u00e1lneho prokur\u00e1tora<\/h2>\n<p>Gener\u00e1lny prokur\u00e1tor m\u00e1 z\u00e1sadn\u00fa rolu pri rozhodovan\u00ed o vy\u0161etrovan\u00ed politicky exponovan\u00fdch os\u00f4b:<\/p>\n<ul>\n<li>M\u00f4\u017ee ur\u010di\u0165, \u010di je d\u00f4vodn\u00e9 svedectvo predvola\u0165.<\/li>\n<li>M\u00f4\u017ee pos\u00fadi\u0165, \u010di existuj\u00fa d\u00f4kazy na podporu predvolania alebo \u010di ide o politicky motivovan\u00fa \u017eiados\u0165.<\/li>\n<li>M\u00f4\u017ee dohliada\u0165 na objektivitu vy\u0161etrovania a minimalizova\u0165 riziko politick\u00e9ho zasahovania do procesu.<\/li>\n<\/ul>\n<h2>4. Pre\u010do s\u00fad zatia\u013e nekon\u00e1<\/h2>\n<p>Nieko\u013eko faktorov vysvet\u013euje, pre\u010do Fico e\u0161te nebol predvolan\u00fd:<\/p>\n<ul>\n<li>Prokurat\u00fara zatia\u013e nepova\u017euje jeho v\u00fdpove\u010f za nevyhnutn\u00fa pre objasnenie skutku.<\/li>\n<li>Existuj\u00faci d\u00f4kazn\u00fd materi\u00e1l (Threema, finan\u010dn\u00e9 prevody, svedectv\u00e1) je pova\u017eovan\u00fd za dostato\u010dn\u00fd na pokra\u010dovanie procesu.<\/li>\n<li>Predvolanie politickej osoby m\u00f4\u017ee sp\u00f4sobi\u0165 viac komplik\u00e1ci\u00ed, ktor\u00e9 by proces spomalili alebo skomplikovali s\u00fadne dokazovanie.<\/li>\n<\/ul>\n<h2>5. Pr\u00e1vna rovnov\u00e1ha: spravodlivos\u0165 vs. politika<\/h2>\n<p>Proces mus\u00ed by\u0165 postaven\u00fd na d\u00f4kazoch, nie na politickom tlaku. Predvolanie Fica by bolo mo\u017en\u00e9 len vtedy, ak by s\u00fad a prokurat\u00fara jednozna\u010dne vyhodnotili, \u017ee jeho v\u00fdpove\u010f prin\u00e1\u0161a nov\u00e9 a relevantn\u00e9 fakty. Pr\u00e1vo je tu nadraden\u00e9 nad politick\u00fdmi tlaky \u2013 aj ke\u010f verejnos\u0165 o\u010dak\u00e1va r\u00fdchle vysvetlenie, z\u00e1kon hovor\u00ed jasne.<\/p>\n<p>Nepredvolanie Fica nie je ot\u00e1zkou zlyhania, ale procesnej opatrnosti a re\u0161pektovania d\u00f4kazn\u00e9ho bremena. Gener\u00e1lny prokur\u00e1tor dohliada na to, aby vy\u0161etrovanie bolo objekt\u00edvne, bez politick\u00e9ho zasahovania a aby svedectvo ka\u017ed\u00e9ho jednotlivca bolo vyu\u017eit\u00e9 len vtedy, ke\u010f prispieva k objasneniu skutku. Ako povedan\u00e9:<\/p>\n<p><strong>Kto m\u00e1 d\u00f4kazy, ide na pol\u00edciu. Kto nem\u00e1 d\u00f4kazy, ide na trib\u00fanu.<\/strong> Tento princ\u00edp ukazuje, \u017ee politick\u00e9 v\u00fdroky nem\u00f4\u017eu nahradi\u0165 procesn\u00e9 kroky, a pr\u00e1vna istota mus\u00ed by\u0165 zachovan\u00e1.<\/p>\n","protected":false},"excerpt":{"rendered":"<p>Pre\u010do s\u00fad nekon\u00e1 vo\u010di Ficovi a \u00faloha Gener\u00e1lneho prokur\u00e1tora V kauze vra\u017edy J\u00e1na Kuciaka a Martiny Ku\u0161n\u00edrovej sa \u010dasto spom\u00edna ot\u00e1zka, pre\u010do s\u00fad nepredvolal Roberta Fica ako svedka, aj ke\u010f verejn\u00e9 v\u00fdroky a politick\u00e9 prepojenia vyvol\u00e1vaj\u00fa pozornos\u0165 verejnosti. Vysvetl\u00edme pr\u00e1vny r\u00e1mec, d\u00f4vody, procesn\u00e9 prek\u00e1\u017eky a \u00falohu Gener\u00e1lneho prokur\u00e1tora. 1. S\u00fad a pr\u00e1vne krit\u00e9ri\u00e1 predvolania svedka [&hellip;]<\/p>\n","protected":false},"author":1,"featured_media":0,"comment_status":"closed","ping_status":"open","sticky":false,"template":"","format":"standard","meta":{"footnotes":""},"categories":[5],"tags":[],"class_list":["post-31236","post","type-post","status-publish","format-standard","hentry","category-exo-news"],"_links":{"self":[{"href":"https:\/\/extraslovensko.sk\/spravy\/wp-json\/wp\/v2\/posts\/31236","targetHints":{"allow":["GET"]}}],"collection":[{"href":"https:\/\/extraslovensko.sk\/spravy\/wp-json\/wp\/v2\/posts"}],"about":[{"href":"https:\/\/extraslovensko.sk\/spravy\/wp-json\/wp\/v2\/types\/post"}],"author":[{"embeddable":true,"href":"https:\/\/extraslovensko.sk\/spravy\/wp-json\/wp\/v2\/users\/1"}],"replies":[{"embeddable":true,"href":"https:\/\/extraslovensko.sk\/spravy\/wp-json\/wp\/v2\/comments?post=31236"}],"version-history":[{"count":1,"href":"https:\/\/extraslovensko.sk\/spravy\/wp-json\/wp\/v2\/posts\/31236\/revisions"}],"predecessor-version":[{"id":31237,"href":"https:\/\/extraslovensko.sk\/spravy\/wp-json\/wp\/v2\/posts\/31236\/revisions\/31237"}],"wp:attachment":[{"href":"https:\/\/extraslovensko.sk\/spravy\/wp-json\/wp\/v2\/media?parent=31236"}],"wp:term":[{"taxonomy":"category","embeddable":true,"href":"https:\/\/extraslovensko.sk\/spravy\/wp-json\/wp\/v2\/categories?post=31236"},{"taxonomy":"post_tag","embeddable":true,"href":"https:\/\/extraslovensko.sk\/spravy\/wp-json\/wp\/v2\/tags?post=31236"}],"curies":[{"name":"wp","href":"https:\/\/api.w.org\/{rel}","templated":true}]}}