{"id":31238,"date":"2026-01-26T11:31:08","date_gmt":"2026-01-26T11:31:08","guid":{"rendered":"https:\/\/extraslovensko.sk\/spravy\/?p=31238"},"modified":"2026-01-26T11:31:57","modified_gmt":"2026-01-26T11:31:57","slug":"hladanie-objednavatela-v-kauze-kuciak","status":"publish","type":"post","link":"https:\/\/extraslovensko.sk\/spravy\/hladanie-objednavatela-v-kauze-kuciak\/","title":{"rendered":"H\u013eadanie objedn\u00e1vate\u013ea v kauze Kuciak"},"content":{"rendered":"<h1>H\u013eadanie objedn\u00e1vate\u013ea v kauze Kuciak: re\u010di vs. d\u00f4kazy<\/h1>\n<p>V kauze vra\u017edy J\u00e1na Kuciaka a Martiny Ku\u0161n\u00edrovej sa \u010dasto objavuj\u00fa v\u00fdroky politikov \u010di predstavite\u013eov pol\u00edcie typu: \u201eChceme n\u00e1js\u0165 objedn\u00e1vate\u013ea.\u201c Tieto vyhl\u00e1senia s\u00fa verejn\u00e9 s\u013euby a politick\u00e1 r\u00e9torika, nie pr\u00e1vne d\u00f4kazy.<\/p>\n<h2>1. Verejn\u00e9 vyhl\u00e1senia vs. vy\u0161etrovanie<\/h2>\n<p>Politici a niektor\u00ed predstavitelia pol\u00edcie m\u00f4\u017eu d\u00e1va\u0165 tak\u00e9to s\u013euby, aby:<\/p>\n<ul>\n<li>uk\u013eudnili verejnos\u0165,<\/li>\n<li>uk\u00e1zali, \u017ee \u0161t\u00e1t kon\u00e1,<\/li>\n<li>signalizovali politick\u00fa anga\u017eovanos\u0165 vo vy\u0161etrovan\u00ed.<\/li>\n<\/ul>\n<p>Tak\u00e9to v\u00fdroky v\u0161ak nem\u00f4\u017eu nahradi\u0165 procesn\u00e9 kroky, ako je zber d\u00f4kazov, v\u00fdsluchy svedkov a s\u00fadne konanie.<\/p>\n<h2>2. Prek\u00e1\u017eky pri h\u013eadan\u00ed objedn\u00e1vate\u013ea<\/h2>\n<p>Objedn\u00e1vate\u013e zost\u00e1va \u010dasto skryt\u00fd a jeho odhalenie je komplikovan\u00e9 z viacer\u00fdch d\u00f4vodov:<\/p>\n<ul>\n<li><strong>Nepriame d\u00f4kazy:<\/strong> v\u00e4\u010d\u0161ina inform\u00e1ci\u00ed s\u00fa Threema spr\u00e1vy, finan\u010dn\u00e9 prevody \u010di kontakty, ktor\u00e9 vy\u017eaduj\u00fa interpret\u00e1ciu.<\/li>\n<li><strong>Politick\u00e9 a spolo\u010densk\u00e9 prepojenia:<\/strong> vz\u0165ahy medzi osobami m\u00f4\u017eu spochybni\u0165 motiv\u00e1ciu a vyvola\u0165 tlak na vy\u0161etrovate\u013eov.<\/li>\n<li><strong>Vysok\u00e1 d\u00f4kazn\u00e1 hranica:<\/strong> s\u00fad vy\u017eaduje, aby vina bola dok\u00e1zan\u00e1 <em>bez rozumn\u00fdch pochybnost\u00ed<\/em>, domnienky alebo spekul\u00e1cie nesta\u010dia.<\/li>\n<\/ul>\n<h2>3. Politick\u00e9 narat\u00edvy vs. pr\u00e1vna realita<\/h2>\n<p>Politici m\u00f4\u017eu tvrdi\u0165, \u017ee objedn\u00e1vate\u013e \u201eje zn\u00e1my\u201c alebo \u201ebude odhalen\u00fd\u201c. V pr\u00e1vnom procese v\u0161ak plat\u00ed:<\/p>\n<ul>\n<li>Tieto v\u00fdroky s\u00fa PR a politick\u00e1 r\u00e9torika, nie d\u00f4kaz.<\/li>\n<li>Obhajoba m\u00f4\u017ee pouk\u00e1za\u0165 na chaos a protichodn\u00e9 tvrdenia vo verejnom priestore.<\/li>\n<li>Len d\u00f4kazy zo spisu s\u00fa relevantn\u00e9 pre s\u00fad a rozhoduj\u00fa o vine alebo nevine.<\/li>\n<\/ul>\n<h2>4. \u00daloha Gener\u00e1lneho prokur\u00e1tora<\/h2>\n<p>Gener\u00e1lny prokur\u00e1tor dohliada, aby vy\u0161etrovanie bolo objekt\u00edvne a procesne \u010dist\u00e9. Ur\u010duje, \u010di je predvolanie svedka, politicky exponovanej osoby, nevyhnutn\u00e9 a relevantn\u00e9. Politick\u00e9 v\u00fdroky ani medi\u00e1lny tlak nem\u00f4\u017eu nahradi\u0165 prokurat\u00faru alebo s\u00fadny proces.<\/p>\n<p>H\u013eadanie objedn\u00e1vate\u013ea je v ruk\u00e1ch vy\u0161etrovania a s\u00fadu, nie politick\u00fdch trib\u00fan. Verejn\u00e9 v\u00fdroky a s\u013euby s\u00fa len r\u00e9torika, ktor\u00e1 m\u00f4\u017ee vytv\u00e1ra\u0165 tlak na verejnos\u0165, ale neovplyv\u0148uje pr\u00e1vnu istotu ob\u017ealovan\u00e9ho ani rozhodovanie s\u00fadu.  <\/p>\n","protected":false},"excerpt":{"rendered":"<p>H\u013eadanie objedn\u00e1vate\u013ea v kauze Kuciak: re\u010di vs. d\u00f4kazy V kauze vra\u017edy J\u00e1na Kuciaka a Martiny Ku\u0161n\u00edrovej sa \u010dasto objavuj\u00fa v\u00fdroky politikov \u010di predstavite\u013eov pol\u00edcie typu: \u201eChceme n\u00e1js\u0165 objedn\u00e1vate\u013ea.\u201c Tieto vyhl\u00e1senia s\u00fa verejn\u00e9 s\u013euby a politick\u00e1 r\u00e9torika, nie pr\u00e1vne d\u00f4kazy. 1. Verejn\u00e9 vyhl\u00e1senia vs. vy\u0161etrovanie Politici a niektor\u00ed predstavitelia pol\u00edcie m\u00f4\u017eu d\u00e1va\u0165 tak\u00e9to s\u013euby, aby: uk\u013eudnili [&hellip;]<\/p>\n","protected":false},"author":1,"featured_media":0,"comment_status":"closed","ping_status":"open","sticky":false,"template":"","format":"standard","meta":{"footnotes":""},"categories":[5],"tags":[],"class_list":["post-31238","post","type-post","status-publish","format-standard","hentry","category-exo-news"],"_links":{"self":[{"href":"https:\/\/extraslovensko.sk\/spravy\/wp-json\/wp\/v2\/posts\/31238","targetHints":{"allow":["GET"]}}],"collection":[{"href":"https:\/\/extraslovensko.sk\/spravy\/wp-json\/wp\/v2\/posts"}],"about":[{"href":"https:\/\/extraslovensko.sk\/spravy\/wp-json\/wp\/v2\/types\/post"}],"author":[{"embeddable":true,"href":"https:\/\/extraslovensko.sk\/spravy\/wp-json\/wp\/v2\/users\/1"}],"replies":[{"embeddable":true,"href":"https:\/\/extraslovensko.sk\/spravy\/wp-json\/wp\/v2\/comments?post=31238"}],"version-history":[{"count":2,"href":"https:\/\/extraslovensko.sk\/spravy\/wp-json\/wp\/v2\/posts\/31238\/revisions"}],"predecessor-version":[{"id":31240,"href":"https:\/\/extraslovensko.sk\/spravy\/wp-json\/wp\/v2\/posts\/31238\/revisions\/31240"}],"wp:attachment":[{"href":"https:\/\/extraslovensko.sk\/spravy\/wp-json\/wp\/v2\/media?parent=31238"}],"wp:term":[{"taxonomy":"category","embeddable":true,"href":"https:\/\/extraslovensko.sk\/spravy\/wp-json\/wp\/v2\/categories?post=31238"},{"taxonomy":"post_tag","embeddable":true,"href":"https:\/\/extraslovensko.sk\/spravy\/wp-json\/wp\/v2\/tags?post=31238"}],"curies":[{"name":"wp","href":"https:\/\/api.w.org\/{rel}","templated":true}]}}