{"id":31289,"date":"2026-02-02T20:33:17","date_gmt":"2026-02-02T20:33:17","guid":{"rendered":"https:\/\/extraslovensko.sk\/spravy\/?p=31289"},"modified":"2026-02-02T20:33:29","modified_gmt":"2026-02-02T20:33:29","slug":"pamatnu-tabulu-anny-politkovskej-v-moskve-strhli","status":"publish","type":"post","link":"https:\/\/extraslovensko.sk\/spravy\/pamatnu-tabulu-anny-politkovskej-v-moskve-strhli\/","title":{"rendered":"Pam\u00e4tn\u00fa tabu\u013eu Anny Politkovskej v Moskve strhli"},"content":{"rendered":"<h1>Pam\u00e4tn\u00fa tabu\u013eu zavra\u017edenej novin\u00e1rky Anny Politkovskej <br \/>v Moskve strhli u\u017e piatykr\u00e1t za t\u00fd\u017ede\u0148<\/h1>\n<p>Opakovan\u00e9 strh\u00e1vanie pam\u00e4tnej tabule venovanej zavra\u017edenej ruskej novin\u00e1rke Anne Politkovskej v Moskve sa stalo siln\u00fdm symbolom s\u00fa\u010dasnej politickej a spolo\u010denskej atmosf\u00e9ry v Rusku, kde je verejn\u00e1 spomienka na kritick\u00e9 hlasy \u010doraz menej tolerovan\u00e1. Skuto\u010dnos\u0165, \u017ee tabu\u013ea bola odstr\u00e1nen\u00e1 u\u017e piatykr\u00e1t v priebehu jedn\u00e9ho t\u00fd\u017ed\u0148a, nepredstavuje n\u00e1hodn\u00fd vandalizmus, ale sk\u00f4r prejav systematick\u00e9ho odporu vo\u010di odkazu novin\u00e1rky, ktor\u00e1 sa stala ikonou nez\u00e1vislej \u017eurnalistiky a kritiky \u0161t\u00e1tnej moci.<\/p>\n<h2>Anna Politkovsk\u00e1 ako symbol nepohodlnej pravdy<\/h2>\n<h3>Novin\u00e1rka, ktor\u00e1 sa odmietla prisp\u00f4sobi\u0165<\/h3>\n<p>Anna Politkovsk\u00e1 patrila medzi najv\u00fdraznej\u0161ie osobnosti ruskej investigat\u00edvnej \u017eurnalistiky a jej meno sa sp\u00e1ja najm\u00e4 s report\u00e1\u017eami o vojne v \u010ce\u010densku, poru\u0161ovan\u00ed \u013eudsk\u00fdch pr\u00e1v a zneu\u017e\u00edvan\u00ed moci zo strany bezpe\u010dnostn\u00fdch zlo\u017eiek. Jej texty boli zn\u00e1me t\u00fdm, \u017ee sa nezastavovali pri ofici\u00e1lnych vyhl\u00e1seniach, ale prin\u00e1\u0161ali svedectv\u00e1 obet\u00ed, vojakov aj civilistov, \u010d\u00edm nar\u00fa\u0161ali ofici\u00e1lny narat\u00edv o \u201estabiliz\u00e1cii\u201c regi\u00f3nu.<\/p>\n<p>Pr\u00e1ve t\u00e1to neochota ml\u010da\u0165 a prisp\u00f4sobi\u0165 sa robila z Politkovskej pre mnoh\u00fdch vplyvn\u00fdch \u013eud\u00ed nepohodln\u00fa postavu, ktorej hlas bol v rozpore s obrazom Ruska, ak\u00fd sa \u0161t\u00e1t sna\u017eil prezentova\u0165 doma aj v zahrani\u010d\u00ed.<\/p>\n<h3>Vra\u017eda bez plnej spravodlivosti<\/h3>\n<p>Politkovsk\u00e1 bola zavra\u017eden\u00e1 v roku 2006 priamo v Moskve, pri\u010dom hoci boli niektor\u00ed vykon\u00e1vatelia \u010dinu nesk\u00f4r ods\u00faden\u00ed, ot\u00e1zka objedn\u00e1vate\u013ea vra\u017edy zostala nezodpovedan\u00e1. Tento fakt dlhodobo podkop\u00e1va d\u00f4veru verejnosti v schopnos\u0165 rusk\u00e9ho justi\u010dn\u00e9ho syst\u00e9mu rie\u0161i\u0165 politicky citliv\u00e9 zlo\u010diny a vytv\u00e1ra dojem, \u017ee za najv\u00e1\u017enej\u0161ie \u00fatoky na slobodu slova nikto nenesie pln\u00fa zodpovednos\u0165.<\/p>\n<h2>Pam\u00e4tn\u00e1 tabu\u013ea ako predmet konfliktu<\/h2>\n<h3>Opakovan\u00e9 strh\u00e1vanie ako odkaz<\/h3>\n<p>Pam\u00e4tn\u00e1 tabu\u013ea na dome, kde Politkovsk\u00e1 \u017eila, mala sl\u00fa\u017ei\u0165 ako tich\u00e9 pripomenutie jej pr\u00e1ce a odvahy, no jej opakovan\u00e9 odstra\u0148ovanie men\u00ed pietne miesto na bojisko o interpret\u00e1ciu minulosti. P\u00e4\u0165n\u00e1sobn\u00e9 strhnutie tabule v priebehu jedin\u00e9ho t\u00fd\u017ed\u0148a nazna\u010duje, \u017ee nejde o izolovan\u00fd \u010din jednotlivca, ale o koordinovan\u00e9 alebo minim\u00e1lne tolerovan\u00e9 konanie.<\/p>\n<p>Ka\u017ed\u00e9 \u010fal\u0161ie odstr\u00e1nenie tabule posil\u0148uje dojem, \u017ee verejn\u00fd priestor v Rusku je \u010doraz viac o\u010disten\u00fd od symbolov, ktor\u00e9 by mohli pripom\u00edna\u0165 kritick\u00e9 myslenie, nez\u00e1visl\u00fa \u017eurnalistiku \u010di zodpovednos\u0165 moci.<\/p>\n<h3>Reakcia \u00faradov a ml\u010danie<\/h3>\n<p>Postoj miestnych \u00faradov k incidentom je prinajmen\u0161om rozpa\u010dit\u00fd, ke\u010f\u017ee k\u00fdm form\u00e1lne ide o vandalizmus, ktor\u00fd by mal by\u0165 vy\u0161etrovan\u00fd, v praxi sa pr\u00edpady \u010dasto uzatv\u00e1raj\u00fa bez jasn\u00fdch v\u00fdsledkov. Absencia d\u00f4slednej reakcie vytv\u00e1ra prostredie, v ktorom s\u00fa podobn\u00e9 \u010diny de facto legitimizovan\u00e9.<\/p>\n<p>Ticho zo strany ofici\u00e1lnych predstavite\u013eov kontrastuje s r\u00fdchlymi z\u00e1sahmi proti opozi\u010dn\u00fdm zhroma\u017edeniam \u010di symbolick\u00fdm protestom, \u010do poukazuje na selekt\u00edvne uplat\u0148ovanie pr\u00e1va.<\/p>\n<h2>\u0160ir\u0161\u00ed kontext: pam\u00e4\u0165 pod kontrolou<\/h2>\n<h3>Verejn\u00fd priestor ako n\u00e1stroj politiky<\/h3>\n<p>Kontrola nad pam\u00e4tn\u00edkmi, tabu\u013eami a symbolmi je v Rusku \u010doraz d\u00f4le\u017eitej\u0161ou s\u00fa\u010das\u0165ou \u0161t\u00e1tnej politiky pam\u00e4ti, ktor\u00e1 sa sna\u017e\u00ed zd\u00f4raz\u0148ova\u0165 hrdinsk\u00e9 a vlasteneck\u00e9 pr\u00edbehy a z\u00e1rove\u0148 vytl\u00e1\u010da\u0165 tie, ktor\u00e9 poukazuj\u00fa na zlyhania moci alebo represie. Pam\u00e4tn\u00e1 tabu\u013ea Politkovskej do tohto r\u00e1mca nezapad\u00e1, preto\u017ee pripom\u00edna novin\u00e1rku, ktor\u00fa \u0161t\u00e1t nedok\u00e1zal ochr\u00e1ni\u0165 a ktorej vra\u017eda nebola \u00faplne objasnen\u00e1.<\/p>\n<p>Odstra\u0148ovanie tak\u00fdchto symbolov neznamen\u00e1 len fyzick\u00fd z\u00e1sah do mestsk\u00e9ho prostredia, ale aj snahu prepisova\u0165 kolekt\u00edvnu pam\u00e4\u0165 a ur\u010dova\u0165, kto si zasl\u00fa\u017ei by\u0165 pripom\u00ednan\u00fd a kto m\u00e1 zosta\u0165 zabudnut\u00fd.<\/p>\n<h3>Sign\u00e1l pre novin\u00e1rov a aktivistov<\/h3>\n<p>Opakovan\u00e9 \u00fatoky na pam\u00e4tn\u00fa tabu\u013eu vysielaj\u00fa jasn\u00fd sign\u00e1l s\u00fa\u010dasn\u00fdm novin\u00e1rom a aktivistom, \u017ee aj po smrti m\u00f4\u017ee by\u0165 ich odkaz zneva\u017eovan\u00fd a vymaz\u00e1van\u00fd z verejn\u00e9ho priestoru. Ide o formu symbolick\u00e9ho zastra\u0161ovania, ktor\u00e1 dop\u013a\u0148a pr\u00e1vne a ekonomick\u00e9 tlaky na nez\u00e1visl\u00e9 m\u00e9di\u00e1.<\/p>\n<p>V prostred\u00ed, kde s\u00fa mnoh\u00e9 redakcie zatvoren\u00e9 alebo n\u00faten\u00e9 p\u00f4sobi\u0165 v exile, m\u00e1 aj tak\u00fdto symbolick\u00fd \u010din v\u00fdrazn\u00fd psychologick\u00fd efekt.<\/p>\n<h2>Reakcie verejnosti a ob\u010dianskej spolo\u010dnosti<\/h2>\n<h3>Solidarita a obnova tabule<\/h3>\n<p>Napriek opakovan\u00e9mu strh\u00e1vaniu sa tabu\u013ea v\u017edy znovu objavila, \u010do sved\u010d\u00ed o odhodlan\u00ed aktivistov, novin\u00e1rov a obyvate\u013eov Moskvy zachova\u0165 pamiatku na Politkovsk\u00fa. Tento cyklus odstr\u00e1nenia a obnovy sa stal formou tich\u00e9ho protestu proti snah\u00e1m vymaza\u0165 jej meno z verejn\u00e9ho povedomia.<\/p>\n<p>Solidarita okolo pam\u00e4tnej tabule ukazuje, \u017ee aj v repres\u00edvnom prostred\u00ed existuj\u00fa skupiny \u013eud\u00ed, ktor\u00e9 odmietaj\u00fa prija\u0165 ofici\u00e1lnu verziu dej\u00edn bez ot\u00e1zok.<\/p>\n<h3>Obmedzen\u00fd dosah odporu<\/h3>\n<p>Z\u00e1rove\u0148 je v\u0161ak zrejm\u00e9, \u017ee podobn\u00e9 symbolick\u00e9 akty maj\u00fa obmedzen\u00fd dosah, ke\u010f\u017ee neved\u00fa k syst\u00e9mov\u00fdm zmen\u00e1m ani k otvorenej diskusii v hlavn\u00fdch m\u00e9di\u00e1ch. Verejn\u00fd odpor je fragmentovan\u00fd a \u010dasto zost\u00e1va na okraji spolo\u010dnosti.<\/p>\n<h2>Boj o pam\u00e4\u0165 ako boj o bud\u00facnos\u0165<\/h2>\n<p>P\u00e4\u0165n\u00e1sobn\u00e9 strhnutie pam\u00e4tnej tabule Anny Politkovskej v priebehu jedn\u00e9ho t\u00fd\u017ed\u0148a je viac ne\u017e len pr\u00edbeh o vandalizme, je to obraz krajiny, ktor\u00e1 z\u00e1pas\u00ed so svojou minulos\u0165ou a s miestom kritiky v s\u00fa\u010dasnosti. Sp\u00f4sob, ak\u00fdm sa Rusko vyrovn\u00e1va s odkazom zavra\u017edenej novin\u00e1rky, vypoved\u00e1 ve\u013ea o stave slobody slova a o tom, ak\u00e9 hlasy s\u00fa dnes pova\u017eovan\u00e9 za legit\u00edmne.<\/p>\n<p>K\u00fdm sa pam\u00e4tn\u00e9 tabule strh\u00e1vaj\u00fa a ot\u00e1zky okolo vra\u017edy zost\u00e1vaj\u00fa nezodpovedan\u00e9, zost\u00e1va aj boj o historick\u00fa pam\u00e4\u0165 otvoren\u00fd, preto\u017ee pr\u00e1ve to, \u010do si spolo\u010dnos\u0165 dovol\u00ed pam\u00e4ta\u0165, formuje jej bud\u00facnos\u0165.<\/p>\n","protected":false},"excerpt":{"rendered":"<p>Pam\u00e4tn\u00fa tabu\u013eu zavra\u017edenej novin\u00e1rky Anny Politkovskej v Moskve strhli u\u017e piatykr\u00e1t za t\u00fd\u017ede\u0148 Opakovan\u00e9 strh\u00e1vanie pam\u00e4tnej tabule venovanej zavra\u017edenej ruskej novin\u00e1rke Anne Politkovskej v Moskve sa stalo siln\u00fdm symbolom s\u00fa\u010dasnej politickej a spolo\u010denskej atmosf\u00e9ry v Rusku, kde je verejn\u00e1 spomienka na kritick\u00e9 hlasy \u010doraz menej tolerovan\u00e1. Skuto\u010dnos\u0165, \u017ee tabu\u013ea bola odstr\u00e1nen\u00e1 u\u017e piatykr\u00e1t v priebehu [&hellip;]<\/p>\n","protected":false},"author":1,"featured_media":0,"comment_status":"closed","ping_status":"open","sticky":false,"template":"","format":"standard","meta":{"footnotes":""},"categories":[8],"tags":[],"class_list":["post-31289","post","type-post","status-publish","format-standard","hentry","category-meduza"],"_links":{"self":[{"href":"https:\/\/extraslovensko.sk\/spravy\/wp-json\/wp\/v2\/posts\/31289","targetHints":{"allow":["GET"]}}],"collection":[{"href":"https:\/\/extraslovensko.sk\/spravy\/wp-json\/wp\/v2\/posts"}],"about":[{"href":"https:\/\/extraslovensko.sk\/spravy\/wp-json\/wp\/v2\/types\/post"}],"author":[{"embeddable":true,"href":"https:\/\/extraslovensko.sk\/spravy\/wp-json\/wp\/v2\/users\/1"}],"replies":[{"embeddable":true,"href":"https:\/\/extraslovensko.sk\/spravy\/wp-json\/wp\/v2\/comments?post=31289"}],"version-history":[{"count":2,"href":"https:\/\/extraslovensko.sk\/spravy\/wp-json\/wp\/v2\/posts\/31289\/revisions"}],"predecessor-version":[{"id":31291,"href":"https:\/\/extraslovensko.sk\/spravy\/wp-json\/wp\/v2\/posts\/31289\/revisions\/31291"}],"wp:attachment":[{"href":"https:\/\/extraslovensko.sk\/spravy\/wp-json\/wp\/v2\/media?parent=31289"}],"wp:term":[{"taxonomy":"category","embeddable":true,"href":"https:\/\/extraslovensko.sk\/spravy\/wp-json\/wp\/v2\/categories?post=31289"},{"taxonomy":"post_tag","embeddable":true,"href":"https:\/\/extraslovensko.sk\/spravy\/wp-json\/wp\/v2\/tags?post=31289"}],"curies":[{"name":"wp","href":"https:\/\/api.w.org\/{rel}","templated":true}]}}