{"id":31304,"date":"2026-02-02T20:56:18","date_gmt":"2026-02-02T20:56:18","guid":{"rendered":"https:\/\/extraslovensko.sk\/spravy\/?p=31304"},"modified":"2026-02-02T20:59:46","modified_gmt":"2026-02-02T20:59:46","slug":"projekt-dna-ruska-kurz-zaklady-ruskej-statnosti-pre-univerzity","status":"publish","type":"post","link":"https:\/\/extraslovensko.sk\/spravy\/projekt-dna-ruska-kurz-zaklady-ruskej-statnosti-pre-univerzity\/","title":{"rendered":"Projekt \u201eDNA Ruska\u201c: Kurz Z\u00e1klady ruskej \u0161t\u00e1tnosti pre univerzity"},"content":{"rendered":"<h1>Projekt \u201eDNA Ruska\u201c: Kurz \u201eZ\u00e1klady ruskej \u0161t\u00e1tnosti\u201c pre rusk\u00e9 vysok\u00e9 \u0161koly<\/h1>\n<p>\u0160t\u00fadium rusk\u00e9ho sveton\u00e1zoru a hodn\u00f4t ost\u00e1va prioritou nielen pre \u0161t\u00e1tne org\u00e1ny, ale aj pre akademick\u00fa oblas\u0165. V r\u00e1mci projektu \u201eDNA Ruska\u201c v\u00fdskumn\u00edci systematicky sk\u00famaj\u00fa hodnotov\u00e9 orient\u00e1cie obyvate\u013eov krajiny a sna\u017eia sa vytvori\u0165 komplexn\u00fd obraz o tom, \u010do formuje myslenie a postoj Rusov k \u0161t\u00e1tu, spolo\u010dnosti a hist\u00f3rii. Tento projekt je financovan\u00fd \u0161t\u00e1tom a zameriava sa na identifik\u00e1ciu charakterist\u00edk, ktor\u00e9 tvoria z\u00e1klad rusk\u00e9ho n\u00e1rodn\u00e9ho sebapoznania. <\/p>\n<h2>Hodnotov\u00e9 orient\u00e1cie Rusov<\/h2>\n<h3>Zistenia v\u00fdskumn\u00edkov<\/h3>\n<p>V\u00fdskum odhalil, \u017ee medzi k\u013e\u00fa\u010dov\u00e9 hodnoty patr\u00ed siln\u00e1 identifik\u00e1cia so \u0161t\u00e1tom, d\u00f4raz na kolekt\u00edvnu zodpovednos\u0165, \u00facta k historick\u00fdm trad\u00edci\u00e1m a vysok\u00e1 miera loajality vo\u010di politick\u00fdm autorit\u00e1m. Zistenia ukazuj\u00fa, \u017ee ideologick\u00e9 a kult\u00farne prvky zohr\u00e1vaj\u00fa v\u00fdznamn\u00fa rolu vo formovan\u00ed rusk\u00e9ho sveton\u00e1zoru a ovplyv\u0148uj\u00fa spr\u00e1vanie ob\u010danov aj ich rozhodovanie. Projekt \u201eDNA Ruska\u201c systematizuje tieto poznatky s cie\u013eom pou\u017ei\u0165 ich pri tvorbe vzdel\u00e1vac\u00edch programov.  <\/p>\n<h3>Vplyv na akademick\u00e9 vzdel\u00e1vanie<\/h3>\n<p>Na z\u00e1klade v\u00fdskumu vyv\u00edjaj\u00fa v\u00fdskumn\u00edci kurz \u201eZ\u00e1klady ruskej \u0161t\u00e1tnosti\u201c, ktor\u00fd je ur\u010den\u00fd pre \u0161tudentov vysok\u00fdch \u0161k\u00f4l. Cie\u013eom kurzu je poskytn\u00fa\u0165 \u0161tudentom systematick\u00fd preh\u013ead o historick\u00fdch, kult\u00farnych a politick\u00fdch z\u00e1kladoch Ruska, vr\u00e1tane s\u00fa\u010dasn\u00e9ho politick\u00e9ho syst\u00e9mu a ideologick\u00fdch pr\u00fadov. Kurz m\u00e1 podpori\u0165 pochopenie ruskej identity a formova\u0165 gener\u00e1ciu vzdelan\u00fdch ob\u010danov, ktor\u00ed s\u00fa obozn\u00e1men\u00ed s hodnotami a princ\u00edpmi, ktor\u00e9 \u0161t\u00e1t pova\u017euje za k\u013e\u00fa\u010dov\u00e9.  <\/p>\n<h2>\u0160trukt\u00fara a obsah kurzu<\/h2>\n<h3>Moduly a t\u00e9my<\/h3>\n<p>Kurz \u201eZ\u00e1klady ruskej \u0161t\u00e1tnosti\u201c sa zameriava na kombin\u00e1ciu historick\u00fdch, politick\u00fdch a kult\u00farnych t\u00e9m. \u0160tudenti sa obozn\u00e1mia s v\u00fdvojom rusk\u00e9ho \u0161t\u00e1tu, jeho pr\u00e1vnym syst\u00e9mom, n\u00e1rodnou identitou a \u00falohou ideol\u00f3gie v spolo\u010dnosti. Modul\u00e1rna \u0161trukt\u00fara umo\u017e\u0148uje preh\u013eadn\u00e9 \u0161t\u00fadium jednotliv\u00fdch aspektov, od starovek\u00fdch a stredovek\u00fdch trad\u00edci\u00ed a\u017e po s\u00fa\u010dasn\u00fd politick\u00fd kontext. <\/p>\n<h3>Vzdel\u00e1vacie ciele<\/h3>\n<p>Hlavn\u00fdm cie\u013eom kurzu je nielen prenies\u0165 vedomosti o ruskej \u0161t\u00e1tnosti, ale aj formova\u0165 hodnoty a postoje \u0161tudentov v s\u00falade s identifikovan\u00fdmi ideologick\u00fdmi orient\u00e1ciami. Kurz sa sna\u017e\u00ed vychov\u00e1va\u0165 \u0161tudentov k pochopeniu kolekt\u00edvnej zodpovednosti, \u00facte k \u0161t\u00e1tu a historick\u00fdm trad\u00edci\u00e1m a k rozvoju ob\u010dianskej identity, ktor\u00e1 je kompatibiln\u00e1 so \u0161t\u00e1tnymi cie\u013emi. <\/p>\n<h2>O\u010dak\u00e1van\u00e9 dopady a kritika<\/h2>\n<h3>Podpora \u0161t\u00e1tnej politiky<\/h3>\n<p>Projekt \u201eDNA Ruska\u201c a s\u00favisiaci kurz s\u00fa v\u00edtan\u00e9 ako n\u00e1stroje \u0161t\u00e1tu na posilnenie n\u00e1rodnej identity a jednoty spolo\u010dnosti. \u0160t\u00e1t vid\u00ed vo vzdel\u00e1vacom projekte sp\u00f4sob, ako pripravi\u0165 mlad\u00fdch \u013eud\u00ed na akt\u00edvnu \u00fa\u010das\u0165 v spolo\u010denskom a politickom \u017eivote pod\u013ea \u0161t\u00e1tnych princ\u00edpov. Podpora kurzu zo strany vl\u00e1dnych org\u00e1nov signalizuje jeho strategick\u00fd v\u00fdznam v r\u00e1mci ideologick\u00e9ho vzdel\u00e1vania.  <\/p>\n<h3>Kritick\u00e9 hlasy a obavy<\/h3>\n<p>Kritici upozor\u0148uj\u00fa, \u017ee projekt a kurz m\u00f4\u017eu by\u0165 n\u00e1strojom ideologickej indoktrin\u00e1cie, ktor\u00fd uprednost\u0148uje \u0161t\u00e1tnu lojalitu pred objekt\u00edvnym vzdel\u00e1van\u00edm. Existuje riziko, \u017ee \u0161tudenti bud\u00fa veden\u00ed k prij\u00edmaniu hodn\u00f4t a postojov bez diskusie \u010di kritick\u00e9ho hodnotenia. Akademici tie\u017e varuj\u00fa pred homogeniz\u00e1ciou n\u00e1zorov a potl\u00e1\u010dan\u00edm plurality ide\u00ed, \u010do m\u00f4\u017ee oslabi\u0165 slobodn\u00e9 myslenie a tvorivos\u0165 mlad\u00fdch gener\u00e1ci\u00ed.  <\/p>\n<p>Projekt \u201eDNA Ruska\u201c a v\u00fdvoj kurzu \u201eZ\u00e1klady ruskej \u0161t\u00e1tnosti\u201c predstavuj\u00fa \u0161t\u00e1tnu snahu systematicky analyzova\u0165 hodnotov\u00e9 orient\u00e1cie ob\u010danov a ovplyv\u0148ova\u0165 formovanie identifik\u00e1cie a postojov mlad\u00fdch \u013eud\u00ed. Zatia\u013e \u010do cie\u013eom je zv\u00fd\u0161i\u0165 povedomie o ruskej hist\u00f3rii a \u0161t\u00e1tnosti a posilni\u0165 n\u00e1rodn\u00fa identitu, kritici upozor\u0148uj\u00fa na riziko ideologickej kontroly a redukcie akademickej plurality.<\/p>\n<p> Tento projekt je preto k\u013e\u00fa\u010dov\u00fdm indik\u00e1torom s\u00fa\u010dasn\u00e9ho smerovania rusk\u00e9ho vzdel\u00e1vacieho a ideologick\u00e9ho prostredia. <\/p>\n","protected":false},"excerpt":{"rendered":"<p>Projekt \u201eDNA Ruska\u201c: Kurz \u201eZ\u00e1klady ruskej \u0161t\u00e1tnosti\u201c pre rusk\u00e9 vysok\u00e9 \u0161koly \u0160t\u00fadium rusk\u00e9ho sveton\u00e1zoru a hodn\u00f4t ost\u00e1va prioritou nielen pre \u0161t\u00e1tne org\u00e1ny, ale aj pre akademick\u00fa oblas\u0165. V r\u00e1mci projektu \u201eDNA Ruska\u201c v\u00fdskumn\u00edci systematicky sk\u00famaj\u00fa hodnotov\u00e9 orient\u00e1cie obyvate\u013eov krajiny a sna\u017eia sa vytvori\u0165 komplexn\u00fd obraz o tom, \u010do formuje myslenie a postoj Rusov k \u0161t\u00e1tu, [&hellip;]<\/p>\n","protected":false},"author":1,"featured_media":0,"comment_status":"closed","ping_status":"open","sticky":false,"template":"","format":"standard","meta":{"footnotes":""},"categories":[8],"tags":[],"class_list":["post-31304","post","type-post","status-publish","format-standard","hentry","category-meduza"],"_links":{"self":[{"href":"https:\/\/extraslovensko.sk\/spravy\/wp-json\/wp\/v2\/posts\/31304","targetHints":{"allow":["GET"]}}],"collection":[{"href":"https:\/\/extraslovensko.sk\/spravy\/wp-json\/wp\/v2\/posts"}],"about":[{"href":"https:\/\/extraslovensko.sk\/spravy\/wp-json\/wp\/v2\/types\/post"}],"author":[{"embeddable":true,"href":"https:\/\/extraslovensko.sk\/spravy\/wp-json\/wp\/v2\/users\/1"}],"replies":[{"embeddable":true,"href":"https:\/\/extraslovensko.sk\/spravy\/wp-json\/wp\/v2\/comments?post=31304"}],"version-history":[{"count":2,"href":"https:\/\/extraslovensko.sk\/spravy\/wp-json\/wp\/v2\/posts\/31304\/revisions"}],"predecessor-version":[{"id":31306,"href":"https:\/\/extraslovensko.sk\/spravy\/wp-json\/wp\/v2\/posts\/31304\/revisions\/31306"}],"wp:attachment":[{"href":"https:\/\/extraslovensko.sk\/spravy\/wp-json\/wp\/v2\/media?parent=31304"}],"wp:term":[{"taxonomy":"category","embeddable":true,"href":"https:\/\/extraslovensko.sk\/spravy\/wp-json\/wp\/v2\/categories?post=31304"},{"taxonomy":"post_tag","embeddable":true,"href":"https:\/\/extraslovensko.sk\/spravy\/wp-json\/wp\/v2\/tags?post=31304"}],"curies":[{"name":"wp","href":"https:\/\/api.w.org\/{rel}","templated":true}]}}