{"id":31323,"date":"2026-02-03T11:23:13","date_gmt":"2026-02-03T11:23:13","guid":{"rendered":"https:\/\/extraslovensko.sk\/spravy\/?p=31323"},"modified":"2026-02-03T11:23:34","modified_gmt":"2026-02-03T11:23:34","slug":"rusko-nechysta-vysetrovanie-epsteinovych-kontaktov","status":"publish","type":"post","link":"https:\/\/extraslovensko.sk\/spravy\/rusko-nechysta-vysetrovanie-epsteinovych-kontaktov\/","title":{"rendered":"Rusko nechyst\u00e1 vy\u0161etrovanie Epsteinov\u00fdch kontaktov"},"content":{"rendered":"<h1>Pre\u010do Rusko nechyst\u00e1 vy\u0161etrovanie Epsteinov\u00fdch kontaktov s Vladimirom Putinom<\/h1>\n<p>Po tom, \u010do sa v roku 2026 zverejnilo mili\u00f3ny str\u00e1n dokumentov s\u00favisiacich s Jeffreym Epsteinom, vr\u00e1tane viac ne\u017e <strong>1 056 zmienok o Vladimirovi Putinovi<\/strong> a tis\u00edcov odkazov na Moskvu, mnoh\u00ed sa p\u00fdtaj\u00fa, \u010di Rusko za\u010dne vlastn\u00e9 vy\u0161etrovanie t\u00fdchto \u00fadajov. <\/p>\n<p>Odpove\u010f pod\u013ea ofici\u00e1lnych vyjadren\u00ed z Moskvy znie jasne: <em>Rusk\u00e9 org\u00e1ny nemaj\u00fa v \u00famysle spusti\u0165 samostatn\u00e9 vy\u0161etrovanie do t\u00fdchto dokumentov ani vz\u0165ahov medzi Epsteinom a Putinom.<\/em>  <\/p>\n<h2>Kreme\u013e: nebolo doru\u010den\u00e9 \u017eiadne \u017eiados\u0165 o stretnutie<\/h2>\n<p>Rusk\u00fd prezidentsk\u00fd tla\u010dov\u00fd tajomn\u00edk Dmitrij Peskov na opakovan\u00fa \u017eiados\u0165 m\u00e9di\u00ed potvrdil, \u017ee Kreme\u013e **nedostal \u017eiadnu ofici\u00e1lnu \u017eiados\u0165 od Jeffreya Epsteina o stretnutie s Vladimirom Putinom**, a to aj napriek tomu, \u017ee spisy Epsteinov\u00fdch e\u2011mailov nazna\u010duj\u00fa pokusy o kontakt v rokoch 2011 a 2014.  <\/p>\n<h3>\u010co to znamen\u00e1 pre vy\u0161etrovanie<\/h3>\n<p>Ofici\u00e1lne vyjadrenia rusk\u00e9ho prezidenta a jeho administrat\u00edvy znamenaj\u00fa, \u017ee:<\/p>\n<ul>\n<li>neexistuje \u017eiadna potvrden\u00e1 \u017eiados\u0165 o stretnutie \u2013 vlastn\u00fa ani od rusk\u00fdch org\u00e1nov;<\/li>\n<li>nie s\u00fa zn\u00e1me \u017eiadne \u0161t\u00e1tne dokumenty, ktor\u00e9 by dokazovali osobn\u00e9 stretnutia medzi Epsteinom a Putinom;<\/li>\n<li>bez ofici\u00e1lnej \u017eiadosti neexistuje pr\u00e1vny z\u00e1klad pre vn\u00fatro\u0161t\u00e1tne vy\u0161etrovanie.<\/li>\n<\/ul>\n<p>Tak\u00e9to stanovisko predstavuje jasn\u00fd sign\u00e1l, \u017ee Moskva nechce prebera\u0165 zodpovednos\u0165 za presk\u00famanie t\u00fdchto spisov na svojom \u00fazem\u00ed alebo v s\u00favislosti s jej politick\u00fdm veden\u00edm. <\/p>\n<h2>D\u00f4vody, pre\u010do Rusko svoje vy\u0161etrovanie nezah\u0155\u0148a<\/h2>\n<p>Existuje viacero praktick\u00fdch a politick\u00fdch d\u00f4vodov, pre\u010do Rusko nepl\u00e1nuje vy\u0161etrovanie Epsteinov\u00fdch kontaktov:<\/p>\n<h3>1. Ch\u00fdbaj\u00fa ofici\u00e1lne d\u00f4kazy \u010di \u017eiadosti<\/h3>\n<p>Aj ke\u010f dokumenty obsahuj\u00fa mno\u017estvo zmienok o Moskve a Putina mene, **nejde o ofici\u00e1lne potvrden\u00e9 spr\u00e1vy o stretnutiach** \u2013 ide sk\u00f4r o neform\u00e1lne zmienky v e\u2011mailoch a kore\u0161pondencii. Bez ofici\u00e1lneho podnetu a kvalifikovan\u00fdch d\u00f4kazov nem\u00e1 rusk\u00e9 ministerstvo spravodlivosti pr\u00e1vny d\u00f4vod otvori\u0165 vy\u0161etrovanie.  <\/p>\n<h3>2. Rusk\u00e9 pr\u00e1vne a politick\u00e9 prostredie<\/h3>\n<p>V Rusku plat\u00ed, \u017ee vn\u00fatro\u0161t\u00e1tne vy\u0161etrovania politicky citliv\u00fdch ot\u00e1zok zvy\u010dajne iniciuje bu\u010f:<\/p>\n<ul>\n<li>prokurat\u00fara na z\u00e1klade vlastnej vo\u013enej \u00favahy,<\/li>\n<li>bezpe\u010dnostn\u00e9 slu\u017eby pri domnelom ohrozen\u00ed \u0161t\u00e1tnej bezpe\u010dnosti,<\/li>\n<li>alebo in\u00fd ofici\u00e1lny org\u00e1n, ktor\u00fd m\u00e1 form\u00e1lne podnety na vy\u0161etrovanie.<\/li>\n<\/ul>\n<p>V pr\u00edpade \u00fadajov o Epsteinovi a Putinovi **tak\u00fdto podnet neexistuje** a rusk\u00e9 org\u00e1ny ani nepotvrdili, \u017ee by niekedy zva\u017eovali tak\u00e9 vy\u0161etrovanie.  <\/p>\n<h2>Reakcie rusk\u00fdch diplomatov na zverejnen\u00e9 dokumenty<\/h2>\n<p>Okrem vyjadrenia Krem\u013ea sa v spojitosti s Epsteinov\u00fdmi spismi objavili aj in\u00e9 reakcie z ruskej politickej sf\u00e9ry. Napr\u00edklad rusk\u00fd \u0161peci\u00e1lny vyslanec Kirill Dmitriev komentoval uverejnen\u00e9 dokumenty v s\u00favislosti s in\u00fdmi glob\u00e1lnymi udalos\u0165ami a ozna\u010dil ich ako s\u00fa\u010das\u0165 \u00fadajne zneu\u017e\u00edvan\u00e9ho kontextu, ktor\u00fd pod\u013ea neho sl\u00fa\u017ei na politick\u00e9 narat\u00edvy, no nezmie\u0148oval \u017eiadne z\u00e1mern\u00e9 vy\u0161etrovanie ruskej strany.  <\/p>\n<h3>Pre\u010do je to v\u00fdznamn\u00e9<\/h3>\n<p>Tento typ diplomatick\u00e9ho narat\u00edvu m\u00e1 dve hlavn\u00e9 implik\u00e1cie:<\/p>\n<ul>\n<li>Rusko sa nesna\u017e\u00ed zapoji\u0165 do zahrani\u010dn\u00fdch pr\u00e1vnych vy\u0161etrovan\u00ed, ktor\u00e9 by sa dot\u00fdkali jeho predstavite\u013eov \u2013 to je be\u017en\u00e1 prax vo v\u00e4\u010d\u0161ine \u0161t\u00e1tov s autoritat\u00edvnymi politick\u00fdmi syst\u00e9mami;<\/li>\n<li>zverejnen\u00e9 dokumenty m\u00f4\u017eu by\u0165 vyu\u017e\u00edvan\u00e9 v geopolitickej r\u00e9torike, ale nie ako podklad pre pr\u00e1vne kroky zo strany Ruskej feder\u00e1cie.<\/li>\n<\/ul>\n<h2>\u017diadne vy\u0161etrovanie zo strany Moskvy<\/h2>\n<p>Z dostupn\u00fdch ofici\u00e1lnych inform\u00e1ci\u00ed vypl\u00fdva, \u017ee **Rusko ani jeho org\u00e1ny nemaj\u00fa v \u00famysle samostatne vy\u0161etrova\u0165 Epsteinove spisy v kontexte Vladimira Putina alebo in\u00fdch predstavite\u013eov**, a to z pr\u00e1vnych aj politick\u00fdch d\u00f4vodov. Kreme\u013e jasne potvrdil, \u017ee **nedostal \u017eiadnu \u017eiados\u0165 o stretnutie medzi Epsteinom a Putinom**, a bez tak\u00e9hoto ofici\u00e1lneho podnetu sa \u017eiadne vy\u0161etrovanie neza\u010dne. <\/p>\n<p>Pre \u010ditate\u013eov to znamen\u00e1, \u017ee v pr\u00edpade Epsteinov\u00fdch dokumentov bud\u00fa h\u013eada\u0165 s\u00favislosti a kontakty v in\u00fdch jurisdikci\u00e1ch \u2013 predov\u0161etk\u00fdm v USA a v krajin\u00e1ch, kde samotn\u00fd Epstein \u017eil, podnikal a kde prebiehali vy\u0161etrovania jeho aktiv\u00edt.<\/p>\n","protected":false},"excerpt":{"rendered":"<p>Pre\u010do Rusko nechyst\u00e1 vy\u0161etrovanie Epsteinov\u00fdch kontaktov s Vladimirom Putinom Po tom, \u010do sa v roku 2026 zverejnilo mili\u00f3ny str\u00e1n dokumentov s\u00favisiacich s Jeffreym Epsteinom, vr\u00e1tane viac ne\u017e 1 056 zmienok o Vladimirovi Putinovi a tis\u00edcov odkazov na Moskvu, mnoh\u00ed sa p\u00fdtaj\u00fa, \u010di Rusko za\u010dne vlastn\u00e9 vy\u0161etrovanie t\u00fdchto \u00fadajov. Odpove\u010f pod\u013ea ofici\u00e1lnych vyjadren\u00ed z Moskvy znie [&hellip;]<\/p>\n","protected":false},"author":1,"featured_media":0,"comment_status":"closed","ping_status":"open","sticky":false,"template":"","format":"standard","meta":{"footnotes":""},"categories":[5],"tags":[],"class_list":["post-31323","post","type-post","status-publish","format-standard","hentry","category-exo-news"],"_links":{"self":[{"href":"https:\/\/extraslovensko.sk\/spravy\/wp-json\/wp\/v2\/posts\/31323","targetHints":{"allow":["GET"]}}],"collection":[{"href":"https:\/\/extraslovensko.sk\/spravy\/wp-json\/wp\/v2\/posts"}],"about":[{"href":"https:\/\/extraslovensko.sk\/spravy\/wp-json\/wp\/v2\/types\/post"}],"author":[{"embeddable":true,"href":"https:\/\/extraslovensko.sk\/spravy\/wp-json\/wp\/v2\/users\/1"}],"replies":[{"embeddable":true,"href":"https:\/\/extraslovensko.sk\/spravy\/wp-json\/wp\/v2\/comments?post=31323"}],"version-history":[{"count":2,"href":"https:\/\/extraslovensko.sk\/spravy\/wp-json\/wp\/v2\/posts\/31323\/revisions"}],"predecessor-version":[{"id":31325,"href":"https:\/\/extraslovensko.sk\/spravy\/wp-json\/wp\/v2\/posts\/31323\/revisions\/31325"}],"wp:attachment":[{"href":"https:\/\/extraslovensko.sk\/spravy\/wp-json\/wp\/v2\/media?parent=31323"}],"wp:term":[{"taxonomy":"category","embeddable":true,"href":"https:\/\/extraslovensko.sk\/spravy\/wp-json\/wp\/v2\/categories?post=31323"},{"taxonomy":"post_tag","embeddable":true,"href":"https:\/\/extraslovensko.sk\/spravy\/wp-json\/wp\/v2\/tags?post=31323"}],"curies":[{"name":"wp","href":"https:\/\/api.w.org\/{rel}","templated":true}]}}