{"id":31339,"date":"2026-02-04T18:52:36","date_gmt":"2026-02-04T18:52:36","guid":{"rendered":"https:\/\/extraslovensko.sk\/spravy\/?p=31339"},"modified":"2026-02-04T18:52:36","modified_gmt":"2026-02-04T18:52:36","slug":"ficove-kontroverzne-vyroky-a-pravna-zodpovednost-zobereme-lopaty","status":"publish","type":"post","link":"https:\/\/extraslovensko.sk\/spravy\/ficove-kontroverzne-vyroky-a-pravna-zodpovednost-zobereme-lopaty\/","title":{"rendered":"Ficove kontroverzn\u00e9 v\u00fdroky a pr\u00e1vna zodpovednos\u0165, zobereme lopaty"},"content":{"rendered":"<h1>Ficove kontroverzn\u00e9 v\u00fdroky a pr\u00e1vna zodpovednos\u0165<\/h1>\n<p>Politici nemaj\u00fa \u010do \u010dasto pou\u017e\u00edva\u0165 \u201eostr\u00fd jazyk\u201c ako ospravedlnenie. Ka\u017ed\u00fd je viazan\u00fd z\u00e1konmi a ni\u010d ho neopr\u00e1v\u0148uje \u0161\u00edri\u0165 v\u00fdzvy na n\u00e1silie, ohov\u00e1ra\u0165 \u013eud\u00ed alebo nepravdivo obvi\u0148ova\u0165 osoby. V\u00fdroky politikov, vr\u00e1tane Roberta Fica, m\u00f4\u017eu teoreticky spada\u0165 pod trestn\u00fa zodpovednos\u0165, ak prekro\u010dia hranicu z\u00e1kona.<\/p>\n<p>Tu je preh\u013ead Ficov\u00fdch kontroverzn\u00fdch v\u00fdrokov, ktor\u00e9 by mohli spada\u0165 do oblasti mo\u017enej trestnej zodpovednosti:<\/p>\n<h2>1&#xfe0f;&#x20e3; V\u00fdzvy k n\u00e1siliu alebo \u00fatokom na \u0161t\u00e1tnu moc<\/h2>\n<table>\n<tr>\n<th>V\u00fdrok<\/th>\n<th>Kontext<\/th>\n<th>Mo\u017en\u00fd paragraf<\/th>\n<\/tr>\n<tr>\n<td>\u201eZoberme palice, lopaty a vyb\u00fachajme to v parlamente\u201c<\/td>\n<td>Metaforick\u00e9 alebo doslovn\u00e9 vyjadrenie oh\u013eadne parlamentu<\/td>\n<td>\u00a7 337, \u00a7 338 TZ \u2013 podnecovanie k trestn\u00e9mu \u010dinu \/ n\u00e1siliu vo\u010di org\u00e1nu verejnej moci<\/td>\n<\/tr>\n<tr>\n<td>\u201eNa Slovensku sa pripravuje gruz\u00ednsky scen\u00e1r, aby n\u00e1s odstr\u00e1nili\u201c<\/td>\n<td>Politick\u00e1 r\u00e9torika o \u201eprevrate\u201c<\/td>\n<td>\u00a7 336\u2013338 TZ \u2013 podnecovanie, popla\u0161n\u00e1 spr\u00e1va (ak by bol preuk\u00e1zan\u00fd re\u00e1lny pokus)<\/td>\n<\/tr>\n<\/table>\n<h2>2&#xfe0f;&#x20e3; Obvinenia konkr\u00e9tnych os\u00f4b (mo\u017en\u00e9 ohov\u00e1ranie)<\/h2>\n<table>\n<tr>\n<th>V\u00fdrok<\/th>\n<th>Kontext<\/th>\n<th>Mo\u017en\u00fd paragraf<\/th>\n<\/tr>\n<tr>\n<td>O Zdechovskom: \u201enajat\u00fd politick\u00fd vrah\u201c<\/td>\n<td>Vyjadrenie vo\u010di europoslancovi<\/td>\n<td>\u00a7 373 TZ \u2013 ohov\u00e1ranie \/ \u00a7 424 TZ \u2013 po\u0161kodzovanie cudzej cti<\/td>\n<\/tr>\n<tr>\n<td>O Slobodn\u00edkovi a \u201eklamstv\u00e1ch kaj\u00facnikov\u201c<\/td>\n<td>Spochyb\u0148ovanie v\u00fdpoved\u00ed spolupracuj\u00faceho obvinen\u00e9ho<\/td>\n<td>\u00a7 373 TZ (ohov\u00e1ranie) alebo politick\u00fd \u0161kand\u00e1l, ak s\u00fa v\u00fdroky nepravdiv\u00e9 a cielene po\u0161kodzuj\u00fa meno<\/td>\n<\/tr>\n<\/table>\n<h2>3&#xfe0f;&#x20e3; \u0160\u00edrenie neoveren\u00fdch obvinen\u00ed o \u0161t\u00e1tnych in\u0161tit\u00faci\u00e1ch<\/h2>\n<table>\n<tr>\n<th>V\u00fdrok<\/th>\n<th>Kontext<\/th>\n<th>Mo\u017en\u00fd paragraf<\/th>\n<\/tr>\n<tr>\n<td>\u201ePol\u00edcia a prokurat\u00fara s\u00fa zmanipulovan\u00e9, rozhoduj\u00fa pod\u013ea objedn\u00e1vky\u201c<\/td>\n<td>Vyjadrenie o just\u00edcii a \u0161t\u00e1tnej moci<\/td>\n<td>\u00a7 336 TZ \u2013 popla\u0161n\u00e1 spr\u00e1va, \u00a7 337 TZ \u2013 podnecovanie<\/td>\n<\/tr>\n<tr>\n<td>\u201eNa Slovensku s\u00fa pripraven\u00e9 prevraty, ktor\u00e9 organizuje opoz\u00edcia a zahrani\u010dn\u00e9 slu\u017eby\u201c<\/td>\n<td>Gruz\u00ednske paralely, kon\u0161pira\u010dn\u00e9 tvrdenia<\/td>\n<td>\u00a7 336\u2013338 TZ (podnecovanie alebo popla\u0161n\u00e1 spr\u00e1va)<\/td>\n<\/tr>\n<\/table>\n<p class=\"warning\">&#x26a0;&#xfe0f; Upozornenie: Nie ka\u017ed\u00fd v\u00fdrok je automaticky trestn\u00fd \u010din. Pre pr\u00e1vnu zodpovednos\u0165 je potrebn\u00e9 preuk\u00e1za\u0165 \u00famysel, re\u00e1lnu schopnos\u0165 sp\u00f4sobi\u0165 n\u00e1sledky a pr\u00edpadn\u00fa nepravdivos\u0165 \u010di zav\u00e1dzanie pri obvineniach os\u00f4b.<\/p>\n<blockquote><p>V praxi to znamen\u00e1, \u017ee Robert Fico, rovnako ako ka\u017ed\u00fd in\u00fd politik alebo ob\u010dan, m\u00f4\u017ee by\u0165 pr\u00e1vne st\u00edhan\u00fd, ak jeho v\u00fdroky prekro\u010dia hranicu z\u00e1kona. \u201eExpres\u00edvny jazyk\u201c nie je pr\u00e1vnou v\u00fdhovorkou.<\/p><\/blockquote>\n","protected":false},"excerpt":{"rendered":"<p>Ficove kontroverzn\u00e9 v\u00fdroky a pr\u00e1vna zodpovednos\u0165 Politici nemaj\u00fa \u010do \u010dasto pou\u017e\u00edva\u0165 \u201eostr\u00fd jazyk\u201c ako ospravedlnenie. Ka\u017ed\u00fd je viazan\u00fd z\u00e1konmi a ni\u010d ho neopr\u00e1v\u0148uje \u0161\u00edri\u0165 v\u00fdzvy na n\u00e1silie, ohov\u00e1ra\u0165 \u013eud\u00ed alebo nepravdivo obvi\u0148ova\u0165 osoby. V\u00fdroky politikov, vr\u00e1tane Roberta Fica, m\u00f4\u017eu teoreticky spada\u0165 pod trestn\u00fa zodpovednos\u0165, ak prekro\u010dia hranicu z\u00e1kona. Tu je preh\u013ead Ficov\u00fdch kontroverzn\u00fdch v\u00fdrokov, ktor\u00e9 [&hellip;]<\/p>\n","protected":false},"author":1,"featured_media":0,"comment_status":"closed","ping_status":"open","sticky":false,"template":"","format":"standard","meta":{"footnotes":""},"categories":[5],"tags":[],"class_list":["post-31339","post","type-post","status-publish","format-standard","hentry","category-exo-news"],"_links":{"self":[{"href":"https:\/\/extraslovensko.sk\/spravy\/wp-json\/wp\/v2\/posts\/31339","targetHints":{"allow":["GET"]}}],"collection":[{"href":"https:\/\/extraslovensko.sk\/spravy\/wp-json\/wp\/v2\/posts"}],"about":[{"href":"https:\/\/extraslovensko.sk\/spravy\/wp-json\/wp\/v2\/types\/post"}],"author":[{"embeddable":true,"href":"https:\/\/extraslovensko.sk\/spravy\/wp-json\/wp\/v2\/users\/1"}],"replies":[{"embeddable":true,"href":"https:\/\/extraslovensko.sk\/spravy\/wp-json\/wp\/v2\/comments?post=31339"}],"version-history":[{"count":1,"href":"https:\/\/extraslovensko.sk\/spravy\/wp-json\/wp\/v2\/posts\/31339\/revisions"}],"predecessor-version":[{"id":31340,"href":"https:\/\/extraslovensko.sk\/spravy\/wp-json\/wp\/v2\/posts\/31339\/revisions\/31340"}],"wp:attachment":[{"href":"https:\/\/extraslovensko.sk\/spravy\/wp-json\/wp\/v2\/media?parent=31339"}],"wp:term":[{"taxonomy":"category","embeddable":true,"href":"https:\/\/extraslovensko.sk\/spravy\/wp-json\/wp\/v2\/categories?post=31339"},{"taxonomy":"post_tag","embeddable":true,"href":"https:\/\/extraslovensko.sk\/spravy\/wp-json\/wp\/v2\/tags?post=31339"}],"curies":[{"name":"wp","href":"https:\/\/api.w.org\/{rel}","templated":true}]}}