{"id":31367,"date":"2026-02-10T12:10:22","date_gmt":"2026-02-10T12:10:22","guid":{"rendered":"https:\/\/extraslovensko.sk\/spravy\/?p=31367"},"modified":"2026-02-10T12:18:45","modified_gmt":"2026-02-10T12:18:45","slug":"verejny-dlh-slovenska-a-pseudokonsolidacia-porovnanie-s-europou","status":"publish","type":"post","link":"https:\/\/extraslovensko.sk\/spravy\/verejny-dlh-slovenska-a-pseudokonsolidacia-porovnanie-s-europou\/","title":{"rendered":"Verejn\u00fd dlh Slovenska a pseudokonsolid\u00e1cia: Porovnanie s Eur\u00f3pou"},"content":{"rendered":"<h1>Verejn\u00fd dlh Slovenska a pseudokonsolid\u00e1cia: Porovnanie s Eur\u00f3pou<\/h1>\n<p>V posledn\u00fdch rokoch sa \u010dasto diskutuje o stave verejn\u00fdch financi\u00ed Slovenska a o tom, ako krajina zvl\u00e1da svoj \u0161t\u00e1tny dlh. Medzin\u00e1rodn\u00e9 m\u00e9di\u00e1 aj dom\u00e1cu politiku \u010dasto zap\u013a\u0148aj\u00fa tvrdenia o \u201ckonsolid\u00e1cii\u201d rozpo\u010dtu, no pri detailnej\u0161om poh\u013eade sa ukazuje, \u017ee realita nie je tak\u00e1 jednozna\u010dn\u00e1. <\/p>\n<p>Slovensko patr\u00ed medzi krajiny s relat\u00edvne n\u00edzkym dlhom v r\u00e1mci E\u00da, no nov\u00e9 p\u00f4\u017ei\u010dky a rozsiahle dlhodob\u00e9 z\u00e1v\u00e4zky m\u00f4\u017eu tento obraz skres\u013eova\u0165. Rozoberme verejn\u00fd dlh Slovenska v porovnan\u00ed s in\u00fdmi eur\u00f3pskymi krajinami a vysvetl\u00edme, pre\u010do niektor\u00e9 opatrenia predstavuj\u00fa tzv. pseudokonsolid\u00e1ciu.<\/p>\n<h2>Tento dlh s in\u00fdmi eur\u00f3pskymi krajinami<\/h2>\n<p>Slovensko m\u00e1 pod\u013ea odhadov k roku 2026 verejn\u00fd dlh vo v\u00fd\u0161ke pribli\u017ene <span class=\"highlight\">82\u201385 mili\u00e1rd eur<\/span>, \u010do predstavuje <span class=\"highlight\">60\u201362 % HDP<\/span>. V porovnan\u00ed s in\u00fdmi eur\u00f3pskymi krajinami ide o relat\u00edvne n\u00edzky podiel:<\/p>\n<table>\n<tr>\n<th>Krajina<\/th>\n<th>Verejn\u00fd dlh (% HDP)<\/th>\n<\/tr>\n<tr>\n<td>Gr\u00e9cko<\/td>\n<td>149\u2013155%<\/td>\n<\/tr>\n<tr>\n<td>Taliansko<\/td>\n<td>138%<\/td>\n<\/tr>\n<tr>\n<td>Franc\u00fazsko<\/td>\n<td>117%<\/td>\n<\/tr>\n<tr>\n<td>Belgicko<\/td>\n<td>107%<\/td>\n<\/tr>\n<tr>\n<td>\u0160panielsko<\/td>\n<td>103%<\/td>\n<\/tr>\n<tr>\n<td>Slovensko<\/td>\n<td>60\u201362%<\/td>\n<\/tr>\n<tr>\n<td>Ma\u010farsko<\/td>\n<td>73\u201380%<\/td>\n<\/tr>\n<tr>\n<td>Rak\u00fasko<\/td>\n<td>80%<\/td>\n<\/tr>\n<tr>\n<td>Est\u00f3nsko<\/td>\n<td>23\u201324%<\/td>\n<\/tr>\n<tr>\n<td>Bulharsko<\/td>\n<td>28%<\/td>\n<\/tr>\n<\/table>\n<p>Vid\u00edme, \u017ee Slovensko patr\u00ed k menej zadl\u017een\u00fdm \u0161t\u00e1tom v r\u00e1mci E\u00da, v\u00fdrazne ni\u017e\u0161ie ako Gr\u00e9cko, Taliansko, Franc\u00fazsko \u010di \u0160panielsko, a mierne ni\u017e\u0161ie aj ako Ma\u010farsko a Rak\u00fasko. Najni\u017e\u0161\u00ed dlh v E\u00da m\u00e1 Est\u00f3nsko alebo Bulharsko, ktor\u00e9 sa pohybuj\u00fa pod 30 % HDP.<\/p>\n<h2>Tak\u017ee na\u0161a pseudokonsolid\u00e1cia<\/h2>\n<p>Napriek t\u00fdmto relat\u00edvne priazniv\u00fdm \u010d\u00edslam sa \u010dasto hovor\u00ed o tzv. \u201ckonsolid\u00e1cii\u201d verejn\u00fdch financi\u00ed. Realita v\u0161ak ukazuje, \u017ee ide sk\u00f4r o <span class=\"highlight\">pseudokonsolid\u00e1ciu<\/span>. Pre\u010do?<\/p>\n<ul>\n<li>\u0160t\u00e1t si dovolil po\u017ei\u010da\u0165 nov\u00fdch <span class=\"highlight\">12 mili\u00e1rd eur<\/span>, \u010do v praxi zvy\u0161uje verejn\u00fd dlh.<\/li>\n<li>Po pripo\u010d\u00edtan\u00ed tejto p\u00f4\u017ei\u010dky by sa dlh Slovenska zv\u00fd\u0161il pribli\u017ene na <span class=\"highlight\">94 mili\u00e1rd eur<\/span>, \u010do predstavuje asi <span class=\"highlight\">70 % HDP<\/span>.<\/li>\n<li>To znamen\u00e1, \u017ee hoci vl\u00e1da hovor\u00ed o konsolid\u00e1cii, pomer dlhu k HDP sa re\u00e1lne zhor\u0161uje.<\/li>\n<li>Politici \u010dasto tieto p\u00f4\u017ei\u010dky prezentuj\u00fa ako granty alebo invest\u00edcie, aby sa verejnos\u0165 c\u00edtila bezpe\u010dne, no ekonomick\u00e1 realita je in\u00e1.<\/li>\n<\/ul>\n<p>V praxi ide teda o marketingov\u00fd trik \u2013 \u010d\u00edsla vyzeraj\u00fa stabilne a \u201ckonsolidovane\u201d, ale re\u00e1lne dlh a z\u00e1v\u00e4zky rast\u00fa. Slovensko tak na papieri patr\u00ed k menej zadl\u017een\u00fdm \u0161t\u00e1tom E\u00da, no nov\u00e9 p\u00f4\u017ei\u010dky a z\u00e1v\u00e4zky m\u00f4\u017eu tento obraz skres\u013eova\u0165. Pseudokonsolid\u00e1cia vytv\u00e1ra dojem zdravej ekonomiky, aj ke\u010f sa \u0161t\u00e1t st\u00e1le zadl\u017euje a pomer dlhu k HDP st\u00fapa.<\/p>\n<p>Pre ob\u010danov a analytikov je d\u00f4le\u017eit\u00e9 sledova\u0165 nielen ofici\u00e1lne tvrdenia o konsolid\u00e1cii, ale aj <span class=\"highlight\">re\u00e1lny stav verejn\u00e9ho dlhu a bud\u00facich z\u00e1v\u00e4zkov<\/span>, vr\u00e1tane take-or-pay zml\u00fav a p\u00f4\u017ei\u010diek od E\u00da. Len tak mo\u017eno z\u00edska\u0165 realistick\u00fd obraz o finan\u010dnej stabilite krajiny a rizik\u00e1ch, ktor\u00e9 z toho vypl\u00fdvaj\u00fa.<\/p>\n<p>Na konci 3.\u202f\u0161tvr\u0165roka 2025 bol dlh slovensk\u00e9ho \u0161t\u00e1tu pribli\u017ene 81,6\u202fmld.\u202f\u20ac pod\u013ea \u00fadajov Ministerstva financi\u00ed.<\/p>\n<p>Verejn\u00fd dlh k 31.\u202f12.\u202f2023<\/p>\n<p>&#x2714; Dlhov\u00fd podiel na HDP: pribli\u017ene 56,0\u202f% HDP<br \/>\n&#x2714; Absol\u00fatna v\u00fd\u0161ka \u0161t\u00e1tneho dlhu: asi 68,8\u202fmld.\u202f\u20ac<\/p>\n","protected":false},"excerpt":{"rendered":"<p>Verejn\u00fd dlh Slovenska a pseudokonsolid\u00e1cia: Porovnanie s Eur\u00f3pou V posledn\u00fdch rokoch sa \u010dasto diskutuje o stave verejn\u00fdch financi\u00ed Slovenska a o tom, ako krajina zvl\u00e1da svoj \u0161t\u00e1tny dlh. Medzin\u00e1rodn\u00e9 m\u00e9di\u00e1 aj dom\u00e1cu politiku \u010dasto zap\u013a\u0148aj\u00fa tvrdenia o \u201ckonsolid\u00e1cii\u201d rozpo\u010dtu, no pri detailnej\u0161om poh\u013eade sa ukazuje, \u017ee realita nie je tak\u00e1 jednozna\u010dn\u00e1. Slovensko patr\u00ed medzi krajiny [&hellip;]<\/p>\n","protected":false},"author":1,"featured_media":0,"comment_status":"closed","ping_status":"open","sticky":false,"template":"","format":"standard","meta":{"footnotes":""},"categories":[5],"tags":[],"class_list":["post-31367","post","type-post","status-publish","format-standard","hentry","category-exo-news"],"_links":{"self":[{"href":"https:\/\/extraslovensko.sk\/spravy\/wp-json\/wp\/v2\/posts\/31367","targetHints":{"allow":["GET"]}}],"collection":[{"href":"https:\/\/extraslovensko.sk\/spravy\/wp-json\/wp\/v2\/posts"}],"about":[{"href":"https:\/\/extraslovensko.sk\/spravy\/wp-json\/wp\/v2\/types\/post"}],"author":[{"embeddable":true,"href":"https:\/\/extraslovensko.sk\/spravy\/wp-json\/wp\/v2\/users\/1"}],"replies":[{"embeddable":true,"href":"https:\/\/extraslovensko.sk\/spravy\/wp-json\/wp\/v2\/comments?post=31367"}],"version-history":[{"count":5,"href":"https:\/\/extraslovensko.sk\/spravy\/wp-json\/wp\/v2\/posts\/31367\/revisions"}],"predecessor-version":[{"id":31372,"href":"https:\/\/extraslovensko.sk\/spravy\/wp-json\/wp\/v2\/posts\/31367\/revisions\/31372"}],"wp:attachment":[{"href":"https:\/\/extraslovensko.sk\/spravy\/wp-json\/wp\/v2\/media?parent=31367"}],"wp:term":[{"taxonomy":"category","embeddable":true,"href":"https:\/\/extraslovensko.sk\/spravy\/wp-json\/wp\/v2\/categories?post=31367"},{"taxonomy":"post_tag","embeddable":true,"href":"https:\/\/extraslovensko.sk\/spravy\/wp-json\/wp\/v2\/tags?post=31367"}],"curies":[{"name":"wp","href":"https:\/\/api.w.org\/{rel}","templated":true}]}}