{"id":31382,"date":"2026-02-10T12:53:29","date_gmt":"2026-02-10T12:53:29","guid":{"rendered":"https:\/\/extraslovensko.sk\/spravy\/?p=31382"},"modified":"2026-02-10T12:53:51","modified_gmt":"2026-02-10T12:53:51","slug":"chaos-v-gronsku-a-paradox-prosperity-vo-svete","status":"publish","type":"post","link":"https:\/\/extraslovensko.sk\/spravy\/chaos-v-gronsku-a-paradox-prosperity-vo-svete\/","title":{"rendered":"Chaos v Gr\u00f3nsku a paradox prosperity vo svete"},"content":{"rendered":"<br \/>\n<h1>Chaos v Gr\u00f3nsku a paradox prosperity vo svete<\/h1>\n<p>Ke\u010f sa hovor\u00ed o geopolitick\u00fdch \u0161kand\u00e1loch a chaosoch, niektor\u00e9 udalosti dostan\u00fa obrovsk\u00fd medi\u00e1lny priestor, hoci ich praktick\u00fd dopad na ka\u017edodenn\u00fd \u017eivot v\u00e4\u010d\u0161iny \u013eud\u00ed je minim\u00e1lny. Jedn\u00fdm z pr\u00edkladov je Trumpov pl\u00e1n v Gr\u00f3nsku, ktor\u00fd sp\u00f4sobil vlnu politick\u00e9ho chaosu a diskusi\u00ed, no neovplyvnil \u017eivot mili\u00e1rd \u013eud\u00ed v Indii, Argent\u00edne, Braz\u00edlii, Indon\u00e9zii, Saudskej Ar\u00e1bii a inde. T\u00edto \u013eudia na\u010falej zaznamen\u00e1vaj\u00fa zmyslupln\u00fd n\u00e1rast materi\u00e1lnej prosperity a zlep\u0161enie \u017eivotnej \u00farovne.<\/p>\n<h2>Rozpor medzi sentimentom a realitou<\/h2>\n<p>Paradox spo\u010d\u00edva v tom, \u017ee ve\u013emi pochm\u00farny sentiment, \u010dasto prezentovan\u00fd m\u00e9diami, m\u00f4\u017ee existova\u0165 s\u00fa\u010dasne s pozit\u00edvnymi ekonomick\u00fdmi trendmi. Zatia\u013e \u010do politick\u00e9 chaosy alebo \u0161okuj\u00face spr\u00e1vy m\u00f4\u017eu vytv\u00e1ra\u0165 atmosf\u00e9ru strachu, pesimizmu a ob\u00e1v, realita na mieste m\u00f4\u017ee by\u0165 presne opa\u010dn\u00e1: rast\u00face pr\u00edjmy, zlep\u0161uj\u00faca sa infra\u0161trukt\u00fara a pr\u00edstup k nov\u00fdm technol\u00f3gi\u00e1m zvy\u0161uj\u00fa \u017eivotn\u00fa \u00farove\u0148 oby\u010dajn\u00fdch \u013eud\u00ed.<\/p>\n<blockquote><p>&#8220;M\u00e9di\u00e1 vyvol\u00e1vaj\u00fa katastrofick\u00fd sentiment, zatia\u013e \u010do mili\u00f3ny \u013eud\u00ed po celom svete pokra\u010duj\u00fa v norm\u00e1lnom, prosperuj\u00facom \u017eivote.&#8221;<\/p><\/blockquote>\n<h2>D\u00f4sledky glob\u00e1lneho pesimizmu<\/h2>\n<p>Rozpor medzi ve\u013emi negat\u00edvnym sentimentom a pozit\u00edvnymi trendmi m\u00e1 hlbok\u00e9 psychologick\u00e9 a spolo\u010densk\u00e9 d\u00f4sledky:<\/p>\n<ul>\n<li><span class=\"highlight\">Sebanapl\u0148uj\u00face sa proroctv\u00e1:<\/span> Neust\u00e1ly strach a o\u010dak\u00e1vanie probl\u00e9mov m\u00f4\u017ee ovplyvni\u0165 spr\u00e1vanie jednotlivcov a firiem, \u010d\u00edm sa zvy\u0161uje pravdepodobnos\u0165 negat\u00edvnych v\u00fdsledkov.<\/li>\n<li><span class=\"highlight\">Glob\u00e1lna atmosf\u00e9ra ob\u00e1v:<\/span> Aj ke\u010f lok\u00e1lne a region\u00e1lne situ\u00e1cie s\u00fa stabiln\u00e9, medi\u00e1lny chaos m\u00f4\u017ee sp\u00f4sobi\u0165 v\u0161eobecn\u00fd pesimizmus a ned\u00f4veru vo\u010di politick\u00fdm a ekonomick\u00fdm in\u0161tit\u00faci\u00e1m.<\/li>\n<li><span class=\"highlight\">Ne\u00famern\u00e1 reakcia:<\/span> Firmy a vl\u00e1dy m\u00f4\u017eu reagova\u0165 na percepciu chaosu namiesto reality, \u010do m\u00f4\u017ee spomali\u0165 pozit\u00edvne ekonomick\u00e9 trendy.<\/li>\n<\/ul>\n<h2>Praktick\u00e1 realita vs. medi\u00e1lny chaos<\/h2>\n<p>Zatia\u013e \u010do politick\u00e9 pl\u00e1ny a chaosy v Gr\u00f3nsku zaujali titulky a sp\u00f4sobili diskusie v politick\u00fdch kruhoch, miliardy \u013eud\u00ed po celom svete pokra\u010duj\u00fa v ka\u017edodennom \u017eivote bez ak\u00e9hoko\u013evek dramatick\u00e9ho vplyvu. Rast\u00face mzdy, lep\u0161\u00ed pr\u00edstup k vzdelaniu a technol\u00f3gi\u00e1m a stabiln\u00e9 ekonomick\u00e9 prostredie zaru\u010duj\u00fa, \u017ee zmyslupln\u00e1 materi\u00e1lna prosperita pokra\u010duje.<\/p>\n<blockquote><p>&#8220;Chaos v Gr\u00f3nsku je ve\u013ek\u00fd len na papieri a v m\u00e9di\u00e1ch \u2013 v Indii, Braz\u00edlii \u010di Indon\u00e9zii sa \u013eudia st\u00e1le te\u0161ia z ka\u017edodenn\u00e9ho zlep\u0161ovania svojich \u017eivotov.&#8221;<\/p><\/blockquote>\n<p>Paradox medzi pochm\u00farnym sentimentom a pozit\u00edvnymi glob\u00e1lnymi trendmi ukazuje, ako ve\u013emi m\u00f4\u017eu medi\u00e1lne dramatiz\u00e1cie a geopolitick\u00e9 \u0161oky ovplyvni\u0165 vn\u00edmanie reality. Skuto\u010dn\u00e1 materi\u00e1lna prosperita a zlep\u0161enie \u017eivotnej \u00farovne pokra\u010duje aj napriek chaosu, ktor\u00fd sa \u010dasto zd\u00e1 dramatickej\u0161\u00ed, ne\u017e v skuto\u010dnosti je. Pre oby\u010dajn\u00fdch \u013eud\u00ed po celom svete to znamen\u00e1, \u017ee aj ke\u010f sa m\u00e9di\u00e1 s\u00fastredia na chaos, \u017eivot ide \u010falej a prosperita rastie.<\/p>\n","protected":false},"excerpt":{"rendered":"<p>Chaos v Gr\u00f3nsku a paradox prosperity vo svete Ke\u010f sa hovor\u00ed o geopolitick\u00fdch \u0161kand\u00e1loch a chaosoch, niektor\u00e9 udalosti dostan\u00fa obrovsk\u00fd medi\u00e1lny priestor, hoci ich praktick\u00fd dopad na ka\u017edodenn\u00fd \u017eivot v\u00e4\u010d\u0161iny \u013eud\u00ed je minim\u00e1lny. Jedn\u00fdm z pr\u00edkladov je Trumpov pl\u00e1n v Gr\u00f3nsku, ktor\u00fd sp\u00f4sobil vlnu politick\u00e9ho chaosu a diskusi\u00ed, no neovplyvnil \u017eivot mili\u00e1rd \u013eud\u00ed v Indii, [&hellip;]<\/p>\n","protected":false},"author":1,"featured_media":0,"comment_status":"closed","ping_status":"open","sticky":false,"template":"","format":"standard","meta":{"footnotes":""},"categories":[5],"tags":[],"class_list":["post-31382","post","type-post","status-publish","format-standard","hentry","category-exo-news"],"_links":{"self":[{"href":"https:\/\/extraslovensko.sk\/spravy\/wp-json\/wp\/v2\/posts\/31382","targetHints":{"allow":["GET"]}}],"collection":[{"href":"https:\/\/extraslovensko.sk\/spravy\/wp-json\/wp\/v2\/posts"}],"about":[{"href":"https:\/\/extraslovensko.sk\/spravy\/wp-json\/wp\/v2\/types\/post"}],"author":[{"embeddable":true,"href":"https:\/\/extraslovensko.sk\/spravy\/wp-json\/wp\/v2\/users\/1"}],"replies":[{"embeddable":true,"href":"https:\/\/extraslovensko.sk\/spravy\/wp-json\/wp\/v2\/comments?post=31382"}],"version-history":[{"count":1,"href":"https:\/\/extraslovensko.sk\/spravy\/wp-json\/wp\/v2\/posts\/31382\/revisions"}],"predecessor-version":[{"id":31383,"href":"https:\/\/extraslovensko.sk\/spravy\/wp-json\/wp\/v2\/posts\/31382\/revisions\/31383"}],"wp:attachment":[{"href":"https:\/\/extraslovensko.sk\/spravy\/wp-json\/wp\/v2\/media?parent=31382"}],"wp:term":[{"taxonomy":"category","embeddable":true,"href":"https:\/\/extraslovensko.sk\/spravy\/wp-json\/wp\/v2\/categories?post=31382"},{"taxonomy":"post_tag","embeddable":true,"href":"https:\/\/extraslovensko.sk\/spravy\/wp-json\/wp\/v2\/tags?post=31382"}],"curies":[{"name":"wp","href":"https:\/\/api.w.org\/{rel}","templated":true}]}}