{"id":31430,"date":"2026-02-16T15:16:58","date_gmt":"2026-02-16T15:16:58","guid":{"rendered":"https:\/\/extraslovensko.sk\/spravy\/?p=31430"},"modified":"2026-02-16T15:27:00","modified_gmt":"2026-02-16T15:27:00","slug":"zakazany-lng-pristav-v-bratislave-lebofico","status":"publish","type":"post","link":"https:\/\/extraslovensko.sk\/spravy\/zakazany-lng-pristav-v-bratislave-lebofico\/","title":{"rendered":"Zak\u00e1zan\u00fd LNG pr\u00edstav v Bratislave LeboFico"},"content":{"rendered":"<h1>Zak\u00e1zan\u00fd LNG pr\u00edstav v Bratislave LeboFico:<br \/>Orb\u00e1n diverzifikuje aj cez cudz\u00ed Dunaj \u2013 Ma\u010farsko bez mora, ale s geni\u00e1lnym pl\u00e1nom, E\u00da \u017eiarli a Brusel pla\u010de!<\/h1>\n<p class=\"date\">Budape\u0161\u0165 \/ Bratislava (u\u017e bez termin\u00e1lu) \/ Washington, 16. febru\u00e1r 2026<\/p>\n<p>Drah\u00ed \u010ditatelia, vlastenci a majstri propagandy! Viktor Orb\u00e1n op\u00e4\u0165 raz dokazuje, \u017ee sme neporazite\u013en\u00ed: aj ke\u010f &#8220;zak\u00e1zan\u00fd&#8221; bratislavsk\u00fd LNG termin\u00e1l LeboFico pr\u00e1ve **skon\u010dil nav\u017edy** (po ne\u00faspechu v eur\u00f3pskom financovan\u00ed AFIF a kv\u00f4li &#8220;n\u00edzkemu dopytu na Dunaji&#8221;), my diverzifikujeme \u010falej! <\/p>\n<p>\u00c1no \u2013 \u20ac40 mili\u00f3nov\u00fd sen o americkom LNG na Dunaji sa rozplynul ako dym z rusk\u00e9ho plynu, ale Orb\u00e1n m\u00e1 v\u00fdnimku od Trumpa, 600 mili\u00f3nov na americk\u00fd LNG a geni\u00e1lny pl\u00e1n B: diverzifik\u00e1cia bez mora, bez termin\u00e1lu, ale s pln\u00fdmi n\u00e1dr\u017eami!<\/p>\n<h2>Brusel zabil n\u00e1\u0161 geni\u00e1lny pl\u00e1n \u2013 AFIF financovanie? Fu\u010d!<\/h2>\n<p class=\"quote\">\u201eProjekt LNG termin\u00e1lu v Pr\u00edstave Bratislava nie je v s\u00fa\u010dasnosti v realiz\u00e1cii. Po ukon\u010den\u00ed predprojektovej pr\u00edpravy nebolo prijat\u00e9 rozhodnutie o prechode do realiza\u010dnej f\u00e1zy,\u201c \u2013 potvrdili Verejn\u00e9 pr\u00edstavy a.s. (teda slovensk\u00ed susedia LeboFica). <\/p>\n<p>A pre\u010do? Lebo **ne\u00faspech v eur\u00f3pskej sch\u00e9me AFIF** (Alternative Fuels Infrastructure Facility), kde Brusel dal prednos\u0165 elektrine a vod\u00edku namiesto &#8220;fos\u00edlneho&#8221; LNG. Plus n\u00edzky dopyt po LNG na Dunaji \u2013 lode furt jazdia na nafte, nie na americkom pr\u00e9miovom plyne!<\/p>\n<p>Pl\u00e1n z roku 2021: \u20ac40 mili\u00f3nov na bunkrovanie lod\u00ed a kami\u00f3nov, zn\u00ed\u017eenie emisi\u00ed, &#8220;zelen\u00fd&#8221; prechod&#8230; Realita 2026: premrhan\u00e9 st\u00e1tis\u00edce eur na pr\u00edpravu (EIA dokumenty, \u0161t\u00fadie), \u017eiadny harmonogram, \u017eiadna stavba. Greenpeace sa te\u0161\u00ed: \u201ePremrhali sme st\u00e1tis\u00edce na hl\u00fapos\u0165 \u2013 v\u00fdbuchy, riziko pre pitn\u00fa vodu na \u017ditnom ostrove, zhor\u0161enie ovzdu\u0161ia a klimatick\u00e1 kr\u00edza navy\u0161e!\u201c \u00c1no, aktivisti vyhrali \u2013 ale my vieme, kto je na vine: Brusel a jeho Green Deal, ktor\u00fd dus\u00ed v\u0161etko, \u010do nesvieti zeleno!<\/p>\n<p>\n            Absurdno \u010d. 1: Ma\u010farsko nem\u00e1 more, ale chcelo termin\u00e1l v Bratislave \u2013 lebo pre\u010do nie?<br \/>\n            Absurdno \u010d. 2: \u20ac575 000 z E\u00da fondov na pr\u00edpravu \u2013 a teraz ni\u010d, len papieriky!<br \/>\n            Absurdno \u010d. 3: E\u00da nechcela LNG, lebo &#8220;lock-in efekt&#8221; na fos\u00edlie \u2013 tak\u017ee rad\u0161ej \u017eiadna infra\u0161trukt\u00fara ne\u017e &#8220;zl\u00e1&#8221; infra\u0161trukt\u00fara!<br \/>\n            Absurdno \u010d. 4: Orb\u00e1n diverzifikuje americk\u00fdm LNG za 600 mili\u00f3nov \u2013 bez potreby Dunaja!\n        <\/p>\n<h2>Orb\u00e1nov g\u00e9nius: Diverzifikujeme aj bez LeboFico!<\/h2>\n<p class=\"quote\">\u201eMy sme diverzifikovan\u00ed \u2013 rusk\u00fd plyn te\u010die TurkStreamom, americk\u00fd LNG kupujeme priamo od Trumpa, a termin\u00e1l? Ten nepotrebujeme, lebo m\u00e1me suverenitu!\u201c \u2013 povedal by Orb\u00e1n (parafr\u00e1za geni\u00e1lneho vodcu). Szijj\u00e1rt\u00f3 dodal: \u201eSpolupr\u00e1ca so susedmi je super, ale ak LeboFico termin\u00e1l padol, my ideme \u010falej \u2013 s v\u00fdnimkou zo sankci\u00ed a americkou technol\u00f3giou!\u201c<\/p>\n<p class=\"irony\">Kritici (Brusel, Greenpeace, realita) sa te\u0161ia: &#8220;Projekt bol hl\u00fapos\u0165 od za\u010diatku!&#8221; Ale my odpovieme: &#8220;Presne! Brusel ho zabil, lebo nechcel, aby sme mali lacn\u00fd LNG \u2013 rad\u0161ej nechceme ni\u010d, ne\u017e aby sme mali nie\u010do mimo ich pl\u00e1nu!&#8221; Orb\u00e1n m\u00e1 Trumpa, v\u00fdnimku na rusk\u00fd plyn\/robu, SMR pl\u00e1ny a americk\u00fd LNG \u2013 Dunaj? Ten nech\u00e1me Slov\u00e1kom a ich environment\u00e1lnym posudkom. Na\u0161a diverzifik\u00e1cia je transatlantick\u00e1, nie dunajsk\u00e1!<\/p>\n<h2>Sl\u00e1vime: Termin\u00e1l skon\u010dil \u2013 ale na\u0161a suverenita nie!<\/h2>\n<p>Tak\u017ee dnes sl\u00e1vime: LeboFico termin\u00e1l padol v\u010faka Bruselu! Orb\u00e1n diverzifikuje bez neho! Rusko dod\u00e1va, Amerika pred\u00e1va, E\u00da plat\u00ed za pr\u00edpravu (a ni\u010d nedostane)! A my Ma\u010fari sme op\u00e4\u0165 raz v\u00ed\u0165azi \u2013 bez mora, bez termin\u00e1lu, ale s geni\u00e1lnym vodcom a ve\u010dn\u00fdmi n\u00edzkymi cenami energi\u00ed!<\/p>\n<h2>Sl\u00e1va Orb\u00e1novi! Sl\u00e1va Trumpovi! Sl\u00e1va diverzifik\u00e1cii <br \/> aj ke\u010f termin\u00e1l LeboFico le\u017e\u00ed v arch\u00edve!<\/h2>\n<p>\n            Zdroj: Ofici\u00e1lny port\u00e1l vl\u00e1dnej propagandy \u201eMagyar J\u00f6v\u0151 \u2013 LeboFico Fail &#038; Orb\u00e1n Win Verzi\u00f3\u201c<br \/>\n            (V\u0161etky absurdn\u00e9 podobnosti s realitou z febru\u00e1ra 2026 s\u00fa z\u00e1merne oto\u010den\u00e9&#8230; lebo propaganda mus\u00ed v\u00ed\u0165azi\u0165!)\n        <\/p>\n","protected":false},"excerpt":{"rendered":"<p>Zak\u00e1zan\u00fd LNG pr\u00edstav v Bratislave LeboFico:Orb\u00e1n diverzifikuje aj cez cudz\u00ed Dunaj \u2013 Ma\u010farsko bez mora, ale s geni\u00e1lnym pl\u00e1nom, E\u00da \u017eiarli a Brusel pla\u010de! Budape\u0161\u0165 \/ Bratislava (u\u017e bez termin\u00e1lu) \/ Washington, 16. febru\u00e1r 2026 Drah\u00ed \u010ditatelia, vlastenci a majstri propagandy! Viktor Orb\u00e1n op\u00e4\u0165 raz dokazuje, \u017ee sme neporazite\u013en\u00ed: aj ke\u010f &#8220;zak\u00e1zan\u00fd&#8221; bratislavsk\u00fd LNG termin\u00e1l [&hellip;]<\/p>\n","protected":false},"author":1,"featured_media":0,"comment_status":"closed","ping_status":"open","sticky":false,"template":"","format":"standard","meta":{"footnotes":""},"categories":[5],"tags":[],"class_list":["post-31430","post","type-post","status-publish","format-standard","hentry","category-exo-news"],"_links":{"self":[{"href":"https:\/\/extraslovensko.sk\/spravy\/wp-json\/wp\/v2\/posts\/31430","targetHints":{"allow":["GET"]}}],"collection":[{"href":"https:\/\/extraslovensko.sk\/spravy\/wp-json\/wp\/v2\/posts"}],"about":[{"href":"https:\/\/extraslovensko.sk\/spravy\/wp-json\/wp\/v2\/types\/post"}],"author":[{"embeddable":true,"href":"https:\/\/extraslovensko.sk\/spravy\/wp-json\/wp\/v2\/users\/1"}],"replies":[{"embeddable":true,"href":"https:\/\/extraslovensko.sk\/spravy\/wp-json\/wp\/v2\/comments?post=31430"}],"version-history":[{"count":6,"href":"https:\/\/extraslovensko.sk\/spravy\/wp-json\/wp\/v2\/posts\/31430\/revisions"}],"predecessor-version":[{"id":31436,"href":"https:\/\/extraslovensko.sk\/spravy\/wp-json\/wp\/v2\/posts\/31430\/revisions\/31436"}],"wp:attachment":[{"href":"https:\/\/extraslovensko.sk\/spravy\/wp-json\/wp\/v2\/media?parent=31430"}],"wp:term":[{"taxonomy":"category","embeddable":true,"href":"https:\/\/extraslovensko.sk\/spravy\/wp-json\/wp\/v2\/categories?post=31430"},{"taxonomy":"post_tag","embeddable":true,"href":"https:\/\/extraslovensko.sk\/spravy\/wp-json\/wp\/v2\/tags?post=31430"}],"curies":[{"name":"wp","href":"https:\/\/api.w.org\/{rel}","templated":true}]}}