{"id":31444,"date":"2026-02-17T15:40:51","date_gmt":"2026-02-17T15:40:51","guid":{"rendered":"https:\/\/extraslovensko.sk\/spravy\/?p=31444"},"modified":"2026-02-17T15:47:07","modified_gmt":"2026-02-17T15:47:07","slug":"posledny-pokus-o-zachranu-vladna-koalicia-hlada-cestu","status":"publish","type":"post","link":"https:\/\/extraslovensko.sk\/spravy\/posledny-pokus-o-zachranu-vladna-koalicia-hlada-cestu\/","title":{"rendered":"Posledn\u00fd pokus o z\u00e1chranu: Vl\u00e1dna koal\u00edcia h\u013ead\u00e1 cestu"},"content":{"rendered":"<h1>Posledn\u00fd pokus o z\u00e1chranu: Vl\u00e1dna koal\u00edcia h\u013ead\u00e1 cestu <br \/>ako oddiali\u0165 alebo zablokova\u0165 kauzu O\u010distec<\/h1>\n<p class=\"lead\">V \u010dase, ke\u010f sa bl\u00ed\u017ei za\u010diatok hlavn\u00e9ho pojedn\u00e1vania v megakauze O\u010distec, sa na politickej sc\u00e9ne odohr\u00e1va dramatick\u00fd s\u00faboj s \u010dasom. Cie\u013eom je \u010do najviac skomplikova\u0165 alebo aspo\u0148 oddiali\u0165 proces, v ktorom figuruje aj podpredseda parlamentu Tibor Ga\u0161par.<\/p>\n<h2>Zelen\u00e1 od Najvy\u0161\u0161ieho s\u00fadu \u2013 proces sa u\u017e nezastav\u00ed<\/h2>\n<p class=\"lead\">Najvy\u0161\u0161\u00ed s\u00fad SR e\u0161te 18. decembra 2025 na neverejnom zasadnut\u00ed definit\u00edvne zamietol s\u0165a\u017enosti obhajoby proti prijatiu ob\u017ealoby \u0160pecializovan\u00fdm trestn\u00fdm s\u00fadom. Uznesenie bolo doru\u010den\u00e9 stran\u00e1m vo febru\u00e1ri 2026 \u2013 a t\u00fdm p\u00e1dom u\u017e ni\u010d nebr\u00e1ni \u0160TS, aby vyt\u00fd\u010dil term\u00edny hlavn\u00e9ho pojedn\u00e1vania.<\/p>\n<p>S\u00fadny sen\u00e1t pod veden\u00edm Petra Pulmana (spolu s Rastislavom Stierankom a Be\u00e1tou Medve\u010fovou) sa teraz oboznamuje so spisom. Term\u00edn prv\u00e9ho pojedn\u00e1vania m\u00f4\u017ee padn\u00fa\u0165 onedlho \u2013 pod\u013ea viacer\u00fdch zdrojov u\u017e v najbli\u017e\u0161\u00edch t\u00fd\u017ed\u0148och alebo mesiacoch.<\/p>\n<p>\n                <strong>K\u013e\u00fa\u010dov\u00fd fakt:<\/strong> Ob\u017ealoba bola podan\u00e1 e\u0161te koncom 2021. Po \u0161tyroch rokoch prie\u0165ahov (n\u00e1mietky zaujatosti, ob\u0161trukcie, zmeny v trestnom pr\u00e1ve) sa kauza kone\u010dne bl\u00ed\u017ei k meritum \u2013 verejn\u00e9mu dokazovaniu.\n            <\/p>\n<h2>Kto v\u0161etko sed\u00ed na lavici ob\u017ealovan\u00fdch?<\/h2>\n<p>V kauze O\u010distec \u010del\u00ed obvineniam 11 os\u00f4b. Medzi nimi dominuj\u00fa men\u00e1 spojen\u00e9 s \u00e9rou vl\u00e1dy Smeru v rokoch 2012\u20132018:<\/p>\n<ul>\n<li><strong>Tibor Ga\u0161par<\/strong> \u2013 b\u00fdval\u00fd policajn\u00fd prezident, dnes podpredseda NR SR za Smer-SD<\/li>\n<li><strong>Norbert B\u00f6d\u00f6r<\/strong> \u2013 nitriansky podnikate\u013e, bl\u00edzky oligarcha, pova\u017eovan\u00fd za k\u013e\u00fa\u010dov\u00fa postavu skupiny<\/li>\n<li><strong>Du\u0161an Kov\u00e1\u010dik<\/strong> \u2013 b\u00fdval\u00fd \u0161\u00e9f \u00daradu \u0161peci\u00e1lnej prokurat\u00fary<\/li>\n<li><strong>R\u00f3bert Krajmer<\/strong> a \u010fal\u0161\u00ed b\u00fdval\u00ed vysok\u00ed policajti (napr. ex\u0161\u00e9f NAKA Peter Hra\u0161ko a in\u00ed)<\/li>\n<\/ul>\n<p>Ob\u017ealoba ich vin\u00ed zo zalo\u017eenia a riadenia zlo\u010dineckej skupiny v r\u00e1mci pol\u00edcie, korupcie, zneu\u017e\u00edvania pr\u00e1vomoc\u00ed verejn\u00e9ho \u010dinite\u013ea a ovplyv\u0148ovania trestn\u00fdch konan\u00ed v prospech vybran\u00fdch z\u00e1ujmov \u2013 vr\u00e1tane politick\u00fdch.<\/p>\n<h2>Pre\u010do je to pre vl\u00e1dnu koal\u00edciu tak kritick\u00e9?<\/h2>\n<p>Ak sa hlavn\u00e9 pojedn\u00e1vanie za\u010dne, verejnos\u0165 dostane priestor vypo\u010du\u0165 si detaily obvinen\u00ed. Pod\u013ea prokurat\u00fary mala skupina okolo B\u00f6d\u00f6ra a Ga\u0161para:<\/p>\n<ul>\n<li>prevzia\u0165 kontrolu nad bezpe\u010dnostn\u00fdmi zlo\u017ekami \u0161t\u00e1tu<\/li>\n<li>vyu\u017e\u00edva\u0165 ich na politick\u00e9 \u00fa\u010dely Smeru-SD (elimin\u00e1cia oponentov, ochrana \u201esvojich\u201c \u013eud\u00ed, ovplyv\u0148ovanie m\u00e9di\u00ed a biznisu)<\/li>\n<li>vyu\u017e\u00edva\u0165 kaj\u00facnikov a ich v\u00fdpovede ako k\u013e\u00fa\u010dov\u00e9 d\u00f4kazy<\/li>\n<\/ul>\n<p class=\"key-point\">Pr\u00e1ve v\u00fdpovede kaj\u00facnikov (napr. Bernarda Slobodn\u00edka, \u013dudov\u00edta Mak\u00f3a \u010di in\u00fdch b\u00fdval\u00fdch spolupracovn\u00edkov) tvoria jadro ob\u017ealoby. Ak by sa stali nepou\u017eite\u013en\u00fdmi, cel\u00fd proces by sa mohol zr\u00fati\u0165 alebo v\u00fdrazne oslabi\u0165.<\/p>\n<h2>Posledn\u00fd pokus: novela o kaj\u00facnikoch a z\u00e1sah \u00dastavn\u00e9ho s\u00fadu<\/h2>\n<p>V decembri 2025 pretla\u010dila koal\u00edcia (prostredn\u00edctvom poslaneck\u00e9ho pr\u00edlepku Tibora Ga\u0161para) novelu Trestn\u00e9ho poriadku, pod\u013ea ktorej by d\u00f4kazy od spolupracuj\u00facich obvinen\u00fdch (kaj\u00facnikov) boli nepou\u017eite\u013en\u00e9, ak by v minulosti nehovorili \u00faplne pravdivo o v\u0161etk\u00fdch okolnostiach.<\/p>\n<p>Novela nadobudla \u00fa\u010dinnos\u0165 27. decembra 2025 \u2013 no u\u017e o p\u00e1r t\u00fd\u017ed\u0148ov (11. febru\u00e1ra 2026) \u00dastavn\u00fd s\u00fad SR:<\/p>\n<ul>\n<li>prijal na \u010fal\u0161ie konanie podnety od opoz\u00edcie, gener\u00e1lneho prokur\u00e1tora Maro\u0161a \u017dilinku aj sudcov \u0160TS<\/li>\n<li><strong>pozastavil \u00fa\u010dinnos\u0165<\/strong> sporn\u00e9ho ustanovenia o kaj\u00facnikoch<\/li>\n<\/ul>\n<p>V\u00fdsledok: v\u00fdpovede kaj\u00facnikov zost\u00e1vaj\u00fa plne pou\u017eite\u013en\u00e9 minim\u00e1lne do kone\u010dn\u00e9ho rozhodnutia \u00dastavn\u00e9ho s\u00fadu (\u010do m\u00f4\u017ee trva\u0165 mesiace a\u017e roky). Premi\u00e9r Fico avizoval, \u017ee ak \u00daS zmeny zru\u0161\u00ed, pr\u00eddu s e\u0161te radik\u00e1lnej\u0161ou \u00fapravou \u2013 vr\u00e1tane \u00fapln\u00e9ho zru\u0161enia in\u0161tit\u00fatu kaj\u00facnikov.<\/p>\n<h2>\u010co sa stane, ke\u010f s\u00fad za\u010dne?<\/h2>\n<p>V momente, ke\u010f \u0160TS vyt\u00fd\u010di term\u00edn a za\u010dne hlavn\u00e9 pojedn\u00e1vanie, sa cel\u00e1 kauza presunie do verejnej roviny:<\/p>\n<ul>\n<li>bud\u00fa sa \u010d\u00edta\u0165 ob\u017ealoba a v\u00fdpovede kaj\u00facnikov<\/li>\n<li>vypo\u010duj\u00fa sa svedkovia, predlo\u017eia d\u00f4kazy<\/li>\n<li>verejnos\u0165 si pripomenie, ako mala pod\u013ea ob\u017ealoby fungova\u0165 \u201epolicajn\u00e1 chobotnica\u201c sl\u00fa\u017eiaca politick\u00fdm a ekonomick\u00fdm z\u00e1ujmom<\/li>\n<\/ul>\n<p class=\"key-point\">Pre vl\u00e1dnu koal\u00edciu ide o existen\u010dn\u00fa hrozbu \u2013 nielen pre Ga\u0161para (ktor\u00fd je st\u00e1le akt\u00edvny politik), ale aj pre celkov\u00fd narat\u00edv o \u201epoliticky motivovan\u00fdch procesoch\u201c. Preto snaha o oddialenie alebo oslabenie procesu pretrv\u00e1va.<\/p>\n<h2>Bl\u00ed\u017ei sa bod zlomu<\/h2>\n<p>Kauza O\u010distec nie je len o minulosti pol\u00edcie \u2013 je o d\u00f4vere v syst\u00e9m, o tom, \u010di sa d\u00e1 zneu\u017ei\u0165 moc na politick\u00e9 ciele a \u010di sa to d\u00e1 potresta\u0165. Po rokoch man\u00e9vrov sa zd\u00e1, \u017ee br\u00e1ny s\u00fadu sa otv\u00e1raj\u00fa. Ot\u00e1zkou zost\u00e1va, ako dlho vydr\u017eia d\u00f4kazy postaven\u00e9 na kaj\u00facnikoch \u2013 a \u010di sa podar\u00ed proces e\u0161te raz skomplikova\u0165.<\/p>\n<p>Ak sa pojedn\u00e1vanie za\u010dne, bude to jeden z najsledovanej\u0161\u00edch procesov v modernej hist\u00f3rii Slovenska.<\/p>\n","protected":false},"excerpt":{"rendered":"<p>Posledn\u00fd pokus o z\u00e1chranu: Vl\u00e1dna koal\u00edcia h\u013ead\u00e1 cestu ako oddiali\u0165 alebo zablokova\u0165 kauzu O\u010distec V \u010dase, ke\u010f sa bl\u00ed\u017ei za\u010diatok hlavn\u00e9ho pojedn\u00e1vania v megakauze O\u010distec, sa na politickej sc\u00e9ne odohr\u00e1va dramatick\u00fd s\u00faboj s \u010dasom. Cie\u013eom je \u010do najviac skomplikova\u0165 alebo aspo\u0148 oddiali\u0165 proces, v ktorom figuruje aj podpredseda parlamentu Tibor Ga\u0161par. Zelen\u00e1 od Najvy\u0161\u0161ieho s\u00fadu [&hellip;]<\/p>\n","protected":false},"author":1,"featured_media":0,"comment_status":"closed","ping_status":"open","sticky":false,"template":"","format":"standard","meta":{"footnotes":""},"categories":[5],"tags":[],"class_list":["post-31444","post","type-post","status-publish","format-standard","hentry","category-exo-news"],"_links":{"self":[{"href":"https:\/\/extraslovensko.sk\/spravy\/wp-json\/wp\/v2\/posts\/31444","targetHints":{"allow":["GET"]}}],"collection":[{"href":"https:\/\/extraslovensko.sk\/spravy\/wp-json\/wp\/v2\/posts"}],"about":[{"href":"https:\/\/extraslovensko.sk\/spravy\/wp-json\/wp\/v2\/types\/post"}],"author":[{"embeddable":true,"href":"https:\/\/extraslovensko.sk\/spravy\/wp-json\/wp\/v2\/users\/1"}],"replies":[{"embeddable":true,"href":"https:\/\/extraslovensko.sk\/spravy\/wp-json\/wp\/v2\/comments?post=31444"}],"version-history":[{"count":3,"href":"https:\/\/extraslovensko.sk\/spravy\/wp-json\/wp\/v2\/posts\/31444\/revisions"}],"predecessor-version":[{"id":31447,"href":"https:\/\/extraslovensko.sk\/spravy\/wp-json\/wp\/v2\/posts\/31444\/revisions\/31447"}],"wp:attachment":[{"href":"https:\/\/extraslovensko.sk\/spravy\/wp-json\/wp\/v2\/media?parent=31444"}],"wp:term":[{"taxonomy":"category","embeddable":true,"href":"https:\/\/extraslovensko.sk\/spravy\/wp-json\/wp\/v2\/categories?post=31444"},{"taxonomy":"post_tag","embeddable":true,"href":"https:\/\/extraslovensko.sk\/spravy\/wp-json\/wp\/v2\/tags?post=31444"}],"curies":[{"name":"wp","href":"https:\/\/api.w.org\/{rel}","templated":true}]}}