{"id":31448,"date":"2026-02-17T16:02:05","date_gmt":"2026-02-17T16:02:05","guid":{"rendered":"https:\/\/extraslovensko.sk\/spravy\/?p=31448"},"modified":"2026-02-17T16:08:20","modified_gmt":"2026-02-17T16:08:20","slug":"od-politickeho-kridla-organizovaneho-zlocinu-k-systemovym-zmenam","status":"publish","type":"post","link":"https:\/\/extraslovensko.sk\/spravy\/od-politickeho-kridla-organizovaneho-zlocinu-k-systemovym-zmenam\/","title":{"rendered":"Od  politick\u00e9ho kr\u00eddla organizovan\u00e9ho zlo\u010dinu k syst\u00e9mov\u00fdm zmen\u00e1m"},"content":{"rendered":"<br \/>\n<h1>Od \u201epolitick\u00e9ho kr\u00eddla organizovan\u00e9ho zlo\u010dinu\u201c k syst\u00e9mov\u00fdm zmen\u00e1m<br \/> Ako sa men\u00ed Slovensko po n\u00e1vrate Smeru<\/h1>\n<p class=\"subtitle\">Po kr\u00e1tkom obdob\u00ed protikorup\u010dnej o\u010disty sa vr\u00e1tila sila narat\u00edvu o represi\u00e1ch \u2013 a s \u0148ou aj z\u00e1sadn\u00e9 \u00fapravy trestn\u00e9ho pr\u00e1va, ktor\u00e9 kritici ozna\u010duj\u00fa za ochranu \u201evlastn\u00fdch\u201c.  Po\u010das vl\u00e1d Igora Matovi\u010da a Eduarda Hegera sa v politickej debate v\u00fdrazne presadilo prirovnanie strany Smer-SD k \u201epolitick\u00e9mu ramenu organizovan\u00e9ho zlo\u010dinu\u201c. <\/p>\n<p>Toto ozna\u010denie vych\u00e1dzalo z agres\u00edvnych medi\u00e1lnych vyst\u00fapen\u00ed predstavite\u013eov Smeru, ktor\u00ed \u010dasto obvi\u0148ovali pol\u00edciu, prokurat\u00faru a s\u00fady z politicky motivovan\u00e9ho prenasledovania a vykres\u013eovali sa do \u00falohy obet\u00ed.<\/p>\n<p>Tento narat\u00edv sa uk\u00e1zal ako efekt\u00edvny \u2013 po vo\u013eb\u00e1ch v septembri 2023, ke\u010f predch\u00e1dzaj\u00faca koal\u00edcia stratila d\u00f4veru kv\u00f4li vlastn\u00fdm chyb\u00e1m a chaosu, sa Smer vr\u00e1til k moci spolu s Hlasom a SNS. R\u00fdchle zv\u00fd\u0161enie pau\u0161\u00e1lnych n\u00e1hrad poslancov \u010di do\u017eivotn\u00e1 renta pre premi\u00e9ra Roberta Fica boli len prv\u00fdmi krokmi. Hlavn\u00e9 zmeny mali \u00eds\u0165 ove\u013ea \u010falej.<\/p>\n<h2>In\u0161titucion\u00e1lne zmeny v prospech stability syst\u00e9mu \u2013 alebo v prospech \u201esvojich\u201c?<\/h2>\n<p>Pod veden\u00edm s\u00fa\u010dasnej koal\u00edcie do\u0161lo k viacer\u00fdm z\u00e1sadn\u00fdm krokom v oblasti trestnej just\u00edcie:<\/p>\n<ul>\n<li>Zru\u0161enie \u00daradu \u0161peci\u00e1lnej prokurat\u00fary a v\u00fdrazn\u00e9 oslabenie N\u00e1rodnej krimin\u00e1lnej agent\u00fary (NAKA)<\/li>\n<li>Radik\u00e1lne zmeny v Trestnom z\u00e1kone a Trestnom poriadku \u2013 skracovanie preml\u010dac\u00edch leh\u00f4t, zmier\u0148ovanie trestov za korupciu a ekonomick\u00e9 trestn\u00e9 \u010diny<\/li>\n<li>Prepustenie z v\u00e4zby b\u00fdval\u00e9ho \u0161peci\u00e1lneho prokur\u00e1tora Du\u0161ana Kov\u00e1\u010dika (ods\u00faden\u00e9ho za korupciu) na z\u00e1klade mimoriadneho \u017eiadania ministra spravodlivosti<\/li>\n<\/ul>\n<p class=\"key-point\">Tieto kroky by samy osebe nemali dlhodob\u00fd efekt, ak by neboli doplnen\u00e9 o re\u00e1lne represie vo\u010di vy\u0161etrovate\u013eom, prokur\u00e1torom a sudcom, ktor\u00ed v rokoch 2020\u20132023 st\u00e1li v \u010dele boja proti korupcii a organizovan\u00e9mu zlo\u010dinu.<\/p>\n<h2>Lex Ga\u0161par a boj proti kaj\u00facnikom: Najv\u00e4\u010d\u0161ia prek\u00e1\u017eka beztrestnosti<\/h2>\n<p>Jedn\u00fdm z najkontroverznej\u0161\u00edch krokov bol tzv. Lex Ga\u0161par \u2013 poslaneck\u00fd pr\u00edlepok k novele Trestn\u00e9ho poriadku z decembra 2025, ktor\u00fd mal obmedzi\u0165 vyu\u017eite\u013enos\u0165 v\u00fdpoved\u00ed spolupracuj\u00facich obvinen\u00fdch (kaj\u00facnikov). T\u00edto \u013eudia \u2013 \u010dasto b\u00fdval\u00ed \u010dlenovia zlo\u010dineck\u00fdch skup\u00edn \u2013 poskytli k\u013e\u00fa\u010dov\u00e9 d\u00f4kazy v mnoh\u00fdch ve\u013ek\u00fdch kauz\u00e1ch vr\u00e1tane korupcie, drogov\u00e9ho obchodu, da\u0148ov\u00fdch podvodov \u010di vra\u017eedn\u00fdch skutkov.<\/p>\n<p>Novela mala pom\u00f4c\u0165 najm\u00e4 ob\u017ealovan\u00fdm v citliv\u00fdch procesoch, ako je kauza O\u010distec, kde proti Tiborovi Ga\u0161parovi (b\u00fdval\u00fd policajn\u00fd prezident, dnes podpredseda NR SR) a Norbertovi B\u00f6d\u00f6rovi sved\u010dia pr\u00e1ve kaj\u00facnici. Ich v\u00fdpovede opisuj\u00fa, ako mala pol\u00edcia v rokoch 2012\u20132018 sl\u00fa\u017ei\u0165 politick\u00fdm a ekonomick\u00fdm z\u00e1ujmom.<\/p>\n<p class=\"key-point\">\u00dastavn\u00fd s\u00fad SR 11. febru\u00e1ra 2026 pozastavil \u00fa\u010dinnos\u0165 tejto \u010dasti novely (po podnetoch opoz\u00edcie, gener\u00e1lneho prokur\u00e1tora Maro\u0161a \u017dilinku aj sudcov \u0160pecializovan\u00e9ho trestn\u00e9ho s\u00fadu). V\u00fdpovede kaj\u00facnikov tak zatia\u013e zost\u00e1vaj\u00fa plne pou\u017eite\u013en\u00e9 \u2013 aspo\u0148 do kone\u010dn\u00e9ho verdiktu \u00daS, ktor\u00fd m\u00f4\u017ee trva\u0165 mesiace.<\/p>\n<h2>\u010eal\u0161\u00ed krok: Zru\u0161enie in\u0161tit\u00fatu kaj\u00facnikov?<\/h2>\n<p>Ke\u010f\u017ee sa Lex Ga\u0161par nepodarilo presadi\u0165 v plnom rozsahu, premi\u00e9r Robert Fico (docent pr\u00e1va) u\u017e otvorene hovor\u00ed o mo\u017enosti radik\u00e1lnej\u0161ej \u00fapravy \u2013 vr\u00e1tane \u00fapln\u00e9ho zru\u0161enia alebo v\u00fdrazn\u00e9ho obmedzenia in\u0161tit\u00fatu spolupracuj\u00facich os\u00f4b. Argumentuje ned\u00f4veryhodnos\u0165ou kaj\u00facnikov a ich tendenciou klama\u0165 v prospech vlastnej v\u00fdhody.<\/p>\n<p>Kritici to vn\u00edmaj\u00fa ako cynick\u00fd pokus odstr\u00e1ni\u0165 hlavn\u00fa zbra\u0148 v boji proti organizovan\u00e9mu zlo\u010dinu \u2013 ironicky lep\u0161\u00ed ako fyzick\u00e1 likvid\u00e1cia svedkov, ako by to mohlo vyzera\u0165 v in\u00fdch syst\u00e9moch.<\/p>\n<h2>Je Smer st\u00e1le len \u201epolitick\u00fdm kr\u00eddlom\u201c, alebo u\u017e nie\u010d\u00edm viac?<\/h2>\n<p>Ak by popularitu politikov na Slovensku ur\u010doval v\u00fdlu\u010dne organizovan\u00fd zlo\u010din, Robert Fico by pravdepodobne viedol rebr\u00ed\u010dek. On s\u00e1m vedie toto \u201epolitick\u00e9 kr\u00eddlo\u201c. Ale ke\u010f politick\u00e1 strana nielen\u017ee systematicky presadzuje zmeny prospe\u0161n\u00e9 pre obvinen\u00fdch z korupcie, zalo\u017eenia zlo\u010dineck\u00fdch skup\u00edn \u010di zneu\u017e\u00edvania moci, ale m\u00e1 vo svojich radoch aj \u013eud\u00ed \u010deliacich v\u00e1\u017enym ob\u017ealob\u00e1m (vr\u00e1tane Ga\u0161para v kauze O\u010distec), hranica sa stiera.<\/p>\n<p class=\"key-point\">Ot\u00e1zka u\u017e nezn\u00ed: Je to st\u00e1le iba politick\u00e9 kr\u00eddlo organizovan\u00e9ho zlo\u010dinu? Alebo sa strana stala jeho integr\u00e1lnou, priamo riadiacou s\u00fa\u010das\u0165ou? Odpove\u010f m\u00f4\u017ee prinies\u0165 pr\u00e1ve bl\u00ed\u017eiace sa hlavn\u00e9 pojedn\u00e1vanie v O\u010distci \u2013 ak sa ho podar\u00ed spusti\u0165 bez \u010fal\u0161\u00edch ob\u0161trukci\u00ed.<\/p>\n<h2>St\u00e1vky s\u00fa vysok\u00e9<\/h2>\n<p>S\u00fa\u010dasn\u00e9 dianie ukazuje, \u017ee po kr\u00e1tkej \u00e9re o\u010disty sa syst\u00e9m vracia k star\u00fdm praktik\u00e1m \u2013 len s nov\u00fdmi n\u00e1strojmi. Kauza O\u010distec m\u00f4\u017ee by\u0165 bodom zlomu: bu\u010f potvrd\u00ed obvinenia z minulosti, alebo sa podar\u00ed cel\u00fd proces natiahnu\u0165 \u010di oslabi\u0165 natolko, \u017ee sa stane len \u010fal\u0161ou kapitolou v pr\u00edbehu o beztrestnosti na najvy\u0161\u0161\u00edch poschodiach.<\/p>\n<p>Nez\u00e1visl\u00fd koment\u00e1r k politicko-pr\u00e1vnemu v\u00fdvoju na Slovensku | Zalo\u017een\u00e9 na verejn\u00fdch inform\u00e1ci\u00e1ch k 17. febru\u00e1ru 2026. Autor si vyhradzuje pr\u00e1vo na aktualiz\u00e1ciu pod\u013ea nov\u00fdch faktov.<\/p>\n","protected":false},"excerpt":{"rendered":"<p>Od \u201epolitick\u00e9ho kr\u00eddla organizovan\u00e9ho zlo\u010dinu\u201c k syst\u00e9mov\u00fdm zmen\u00e1m Ako sa men\u00ed Slovensko po n\u00e1vrate Smeru Po kr\u00e1tkom obdob\u00ed protikorup\u010dnej o\u010disty sa vr\u00e1tila sila narat\u00edvu o represi\u00e1ch \u2013 a s \u0148ou aj z\u00e1sadn\u00e9 \u00fapravy trestn\u00e9ho pr\u00e1va, ktor\u00e9 kritici ozna\u010duj\u00fa za ochranu \u201evlastn\u00fdch\u201c. Po\u010das vl\u00e1d Igora Matovi\u010da a Eduarda Hegera sa v politickej debate v\u00fdrazne presadilo prirovnanie [&hellip;]<\/p>\n","protected":false},"author":1,"featured_media":0,"comment_status":"closed","ping_status":"open","sticky":false,"template":"","format":"standard","meta":{"footnotes":""},"categories":[5],"tags":[],"class_list":["post-31448","post","type-post","status-publish","format-standard","hentry","category-exo-news"],"_links":{"self":[{"href":"https:\/\/extraslovensko.sk\/spravy\/wp-json\/wp\/v2\/posts\/31448","targetHints":{"allow":["GET"]}}],"collection":[{"href":"https:\/\/extraslovensko.sk\/spravy\/wp-json\/wp\/v2\/posts"}],"about":[{"href":"https:\/\/extraslovensko.sk\/spravy\/wp-json\/wp\/v2\/types\/post"}],"author":[{"embeddable":true,"href":"https:\/\/extraslovensko.sk\/spravy\/wp-json\/wp\/v2\/users\/1"}],"replies":[{"embeddable":true,"href":"https:\/\/extraslovensko.sk\/spravy\/wp-json\/wp\/v2\/comments?post=31448"}],"version-history":[{"count":3,"href":"https:\/\/extraslovensko.sk\/spravy\/wp-json\/wp\/v2\/posts\/31448\/revisions"}],"predecessor-version":[{"id":31451,"href":"https:\/\/extraslovensko.sk\/spravy\/wp-json\/wp\/v2\/posts\/31448\/revisions\/31451"}],"wp:attachment":[{"href":"https:\/\/extraslovensko.sk\/spravy\/wp-json\/wp\/v2\/media?parent=31448"}],"wp:term":[{"taxonomy":"category","embeddable":true,"href":"https:\/\/extraslovensko.sk\/spravy\/wp-json\/wp\/v2\/categories?post=31448"},{"taxonomy":"post_tag","embeddable":true,"href":"https:\/\/extraslovensko.sk\/spravy\/wp-json\/wp\/v2\/tags?post=31448"}],"curies":[{"name":"wp","href":"https:\/\/api.w.org\/{rel}","templated":true}]}}