{"id":31486,"date":"2026-03-09T21:41:40","date_gmt":"2026-03-09T21:41:40","guid":{"rendered":"https:\/\/extraslovensko.sk\/spravy\/?p=31486"},"modified":"2026-03-09T21:41:40","modified_gmt":"2026-03-09T21:41:40","slug":"ceroki-indiani-a-zidia-kulturne-paralely","status":"publish","type":"post","link":"https:\/\/extraslovensko.sk\/spravy\/ceroki-indiani-a-zidia-kulturne-paralely\/","title":{"rendered":"\u010ceroki indi\u00e1ni a \u017didia: kult\u00farne paralely"},"content":{"rendered":"<h1>\u010ceroki a \u017didia: kult\u00farne paralely<\/h1>\n<p>Niektor\u00ed b\u00e1datelia a historici si v\u0161imli zauj\u00edmav\u00e9 kult\u00farne a historick\u00e9 paralely medzi <strong>\u010ceroki Indi\u00e1nmi<\/strong> a <strong>\u017didmi<\/strong>. Ide hlavne o zachovanie identity, trad\u00edci\u00ed a sk\u00fasenosti s diasp\u00f3rou, hoci priamy genetick\u00fd alebo historick\u00fd p\u00f4vod nie je potvrden\u00fd.<\/p>\n<h2>Migr\u00e1cia a diasp\u00f3ra<\/h2>\n<p>\u010ceroki boli p\u00f4vodne kme\u0148 p\u00f4vodn\u00fdch obyvate\u013eov juhov\u00fdchodn\u00fdch oblast\u00ed dne\u0161n\u00fdch Spojen\u00fdch \u0161t\u00e1tov. Po donucovac\u00edch pres\u00eddleniach, zn\u00e1mych ako <strong>Trail of Tears<\/strong> (1830\u20131838), boli vyhnan\u00ed na z\u00e1pad, do oblasti dne\u0161nej Oklahomy. Podobne ako \u017didia po zni\u010den\u00ed Jeruzalema v roku 70 n.\u202fl., museli opusti\u0165 svoju p\u00f4vodn\u00fa krajinu, no zachovali komunitn\u00fa identitu a kult\u00faru.<\/p>\n<h2>Zachovanie n\u00e1bo\u017eenstva a trad\u00edci\u00ed<\/h2>\n<p>\u010ceroki si udr\u017eiavali \u0161pecifick\u00e9 ritu\u00e1ly, modlitby a etick\u00e9 normy. Historici zaznamenali podobnos\u0165 s judaistick\u00fdmi princ\u00edpmi, ako s\u00fa spravodlivos\u0165, \u00facta k predkom a zodpovednos\u0165 za komunitu. Oba n\u00e1rody pre\u017eili ve\u013ek\u00e9 historick\u00e9 kr\u00edzy, pri\u010dom si zachovali svoju n\u00e1bo\u017eensk\u00fa a kult\u00farnu kontinuitu.<\/p>\n<h2>Prorock\u00e9 a \u00fastne trad\u00edcie<\/h2>\n<p>\u010ceroki mali bohat\u00fa \u00fastnu trad\u00edciu, pri\u010dom pr\u00edbehy a m\u00fdty sa odovzd\u00e1vali gener\u00e1ci\u00e1m. \u017didia tie\u017e udr\u017eiavali \u00fastnu trad\u00edciu (T\u00f3ra, Midra\u0161) predt\u00fdm, ne\u017e bola zachyten\u00e1 p\u00edsomne. Takto obe kult\u00fary udr\u017eiavali hist\u00f3riu, mor\u00e1lne pou\u010denia a kolekt\u00edvnu pam\u00e4\u0165.<\/p>\n<h2>Jazyk a identita<\/h2>\n<p>\u010ceroki vytvorili vlastn\u00e9 p\u00edsmo (d\u00edky Sequoyahovi), \u010do im umo\u017enilo zachova\u0165 jazyk a kult\u00faru. Hebrej\u010dina plnila podobn\u00fa \u00falohu pre \u017didov. Oba n\u00e1rody dok\u00e1zali pre\u017ei\u0165 storo\u010dia mimo svojej p\u00f4vodnej krajiny, pri\u010dom si zachovali siln\u00fa etnick\u00fa a kult\u00farnu identitu.<\/p>\n<h2>Legendy a b\u00e1date\u013esk\u00e9 te\u00f3rie<\/h2>\n<p>Niektor\u00ed b\u00e1datelia sa sna\u017eili n\u00e1js\u0165 priamu spojitos\u0165 medzi \u010ceroki a \u017didmi, ale historick\u00e9 a genetick\u00e9 d\u00f4kazy priamu v\u00e4zbu nepotvrdzuj\u00fa. V\u00e4\u010d\u0161ina \u201espolo\u010dn\u00e9ho\u201c je symbolick\u00e1 a kult\u00farna \u2013 ide o paralely v diasp\u00f3re, zachovan\u00ed trad\u00edci\u00ed a odolnosti komunity.<\/p>\n<p>Paralely medzi \u010ceroki a \u017didmi ukazuj\u00fa, \u017ee rozdielne n\u00e1rody dok\u00e1\u017eu zachova\u0165 svoju identitu, trad\u00edcie a kult\u00faru aj po\u010das n\u00faten\u00fdch presunov a exilu. Sk\u00fasenos\u0165 diasp\u00f3ry, \u00fastne trad\u00edcie, jazyk a n\u00e1bo\u017eensk\u00e9 praktiky s\u00fa sp\u00e1jaj\u00facimi prvkami, ktor\u00e9 umo\u017enili pre\u017ei\u0165 oba n\u00e1rody aj v \u0165a\u017ek\u00fdch historick\u00fdch podmienkach.<\/p>\n","protected":false},"excerpt":{"rendered":"<p>\u010ceroki a \u017didia: kult\u00farne paralely Niektor\u00ed b\u00e1datelia a historici si v\u0161imli zauj\u00edmav\u00e9 kult\u00farne a historick\u00e9 paralely medzi \u010ceroki Indi\u00e1nmi a \u017didmi. Ide hlavne o zachovanie identity, trad\u00edci\u00ed a sk\u00fasenosti s diasp\u00f3rou, hoci priamy genetick\u00fd alebo historick\u00fd p\u00f4vod nie je potvrden\u00fd. Migr\u00e1cia a diasp\u00f3ra \u010ceroki boli p\u00f4vodne kme\u0148 p\u00f4vodn\u00fdch obyvate\u013eov juhov\u00fdchodn\u00fdch oblast\u00ed dne\u0161n\u00fdch Spojen\u00fdch \u0161t\u00e1tov. Po [&hellip;]<\/p>\n","protected":false},"author":1,"featured_media":0,"comment_status":"closed","ping_status":"open","sticky":false,"template":"","format":"standard","meta":{"footnotes":""},"categories":[13],"tags":[],"class_list":["post-31486","post","type-post","status-publish","format-standard","hentry","category-historia-anatolij-fomenko"],"_links":{"self":[{"href":"https:\/\/extraslovensko.sk\/spravy\/wp-json\/wp\/v2\/posts\/31486","targetHints":{"allow":["GET"]}}],"collection":[{"href":"https:\/\/extraslovensko.sk\/spravy\/wp-json\/wp\/v2\/posts"}],"about":[{"href":"https:\/\/extraslovensko.sk\/spravy\/wp-json\/wp\/v2\/types\/post"}],"author":[{"embeddable":true,"href":"https:\/\/extraslovensko.sk\/spravy\/wp-json\/wp\/v2\/users\/1"}],"replies":[{"embeddable":true,"href":"https:\/\/extraslovensko.sk\/spravy\/wp-json\/wp\/v2\/comments?post=31486"}],"version-history":[{"count":1,"href":"https:\/\/extraslovensko.sk\/spravy\/wp-json\/wp\/v2\/posts\/31486\/revisions"}],"predecessor-version":[{"id":31487,"href":"https:\/\/extraslovensko.sk\/spravy\/wp-json\/wp\/v2\/posts\/31486\/revisions\/31487"}],"wp:attachment":[{"href":"https:\/\/extraslovensko.sk\/spravy\/wp-json\/wp\/v2\/media?parent=31486"}],"wp:term":[{"taxonomy":"category","embeddable":true,"href":"https:\/\/extraslovensko.sk\/spravy\/wp-json\/wp\/v2\/categories?post=31486"},{"taxonomy":"post_tag","embeddable":true,"href":"https:\/\/extraslovensko.sk\/spravy\/wp-json\/wp\/v2\/tags?post=31486"}],"curies":[{"name":"wp","href":"https:\/\/api.w.org\/{rel}","templated":true}]}}