{"id":3562,"date":"2020-09-14T17:28:43","date_gmt":"2020-09-14T17:28:43","guid":{"rendered":"https:\/\/extraslovensko.sk\/spravy\/?p=3562"},"modified":"2020-09-14T17:28:43","modified_gmt":"2020-09-14T17:28:43","slug":"bob-woodward-a-kniha-o-trumpovi","status":"publish","type":"post","link":"https:\/\/extraslovensko.sk\/spravy\/bob-woodward-a-kniha-o-trumpovi\/","title":{"rendered":"Bob Woodward a kniha o Trumpovi"},"content":{"rendered":"<p>Bob Woodward tvrd\u00ed, \u017ee neurobil ni\u010d zl\u00e9! \u201eHistorici bud\u00fa p\u00edsa\u0165 o celom stratenom febru\u00e1rovom mesiaci desiatky rokov,\u201c uviedol. Bob Woodward v pondelok tvrdil, \u017ee neurobil ni\u010d zl\u00e9, ke\u010f sedel na pozn\u00e1mke prezidenta Trumpa o koronav\u00edruse v prv\u00fdch mesiacoch vypuknutia, preto\u017ee v tom \u010dase sa autor domnieval, \u017ee Trump hovoril o dopade COVID-19 na \u010c\u00ednu. Vo febru\u00e1ri Woodward uskuto\u010dnil prv\u00fd zo s\u00e9rie zaznamenan\u00fdch rozhovorov s prezidentom pre svoju nadch\u00e1dzaj\u00facu knihu \u201eRage\u201c a Trump ozna\u010dil nov\u00fd koronav\u00edrus za \u201esmrtiaci materi\u00e1l\u201c, aj ke\u010f ho verejne porovn\u00e1val so sez\u00f3nnou chr\u00edpku.<\/p>\n<p><img decoding=\"async\" class=\"cento\" src=\"https:\/\/www.veteranstoday.com\/wp-content\/uploads\/rage-woodward.jpg\" alt=\"Bob Woodward a kniha o Trumpovi\" \/><br \/>\nNe\u0161\u0165astm\u00fd Sputnik Rusofiln\u00fd web Veterans Today sa ide zbl\u00e1zni\u0165 ako \u0161iri\u0165 v\u0161etky knihy proti Trumpovi, Ka\u017ed\u00fa\u00fa\u00fa\u00fa\u00fa\u00fa jednu tam mali, a vylievali si rusofiln\u00fa zlos\u0165 na nespr\u00e1vnom hrobe!<\/p>\n<p>O mesiac nesk\u00f4r Trump priznal Woodwardovi: \u201eSt\u00e1le ma bav\u00ed hra\u0165 tento v\u00edrus, preto\u017ee nechcem vyvola\u0165 paniku.\u201c Kritici ods\u00fadili Trumpa, ke\u010f sa zvuk nahr\u00e1vky zverejnil minul\u00fd mesiac, prezident v\u0161ak kontroverziu odmietol. Prezident a \u010fal\u0161\u00ed sa zam\u00fd\u0161\u013eali nad t\u00fdm, pre\u010do veter\u00e1nsky novin\u00e1r nenahl\u00e1sil svoje koment\u00e1re k nov\u00e9mu koronav\u00edrusu sk\u00f4r, ak si myslel, \u017ee s\u00fa \u201etak\u00e9 zl\u00e9 alebo nebezpe\u010dn\u00e9\u201c, pri\u010dom tvrdil, \u017ee sa sna\u017e\u00ed udr\u017ea\u0165 Ameri\u010danov \u201ev pokoji\u201c.<\/p>\n<p>Kritici ods\u00fadili Trumpa, ke\u010f sa zvuk nahr\u00e1vky zverejnil minul\u00fd mesiac, prezident v\u0161ak kontroverziu odmietol. Prezident a \u010fal\u0161\u00ed sa zam\u00fd\u0161\u013eali nad t\u00fdm, pre\u010do veter\u00e1n novin\u00e1r nenahl\u00e1sil svoje koment\u00e1re k nov\u00e9mu koronav\u00edrusu sk\u00f4r, ak si myslel, \u017ee s\u00fa \u201etak\u00e9 zl\u00e9 alebo nebezpe\u010dn\u00e9,<br \/>\n<strong>\u201cKe\u010f tvrdil, \u017ee sa sna\u017e\u00ed udr\u017ea\u0165 Ameri\u010danov\u201e v pokoji \u201c.<\/strong><\/p>\n<hr>\n<p>M\u00e9di\u00e1 pokra\u010duj\u00fa v debatovan\u00ed s prezidentom Trumpom za jeho zmiernen\u00fa reakciu na pand\u00e9miu koronav\u00edrusov, aj ke\u010f predstavitelia obvinenia vyvr\u00e1tili, uviedla pre tla\u010dov\u00fa agent\u00faru Fox News b\u00fdval\u00e1 tla\u010dov\u00e1 tajomn\u00ed\u010dka Bieleho domu Sarah Sandersov\u00e1. Odkedy novin\u00e1r Bob Woodward vo svojej knihe \u201eRage\u201c verejne ozna\u010dil prezidenta za \u201ebagateliz\u00e1ciu\u201c v\u00edrusu, <strong>vyst\u00fapil \u010dlen Coronavirus Task Force Dr. Anthony Fauci, ktor\u00fd Trumpa obhajoval. Po\u010d\u00faval profesion\u00e1lov a riadil sa ich radami.<\/strong> &#8220;Zauj\u00edmalo by ma, pre\u010do sa m\u00e9di\u00e1 u\u017e neopieraj\u00fa o vyjadrenie Dr. Fauciho,&#8221; p\u00fdtala sa Sara Sanders na Fox News<\/p>\n<hr>\n<p>&#8220;Bob Woodward mal moje cit\u00e1ty mnoho mesiacov,&#8221; tweetoval Trump. &#8220;Ak si myslel, \u017ee s\u00fa tak\u00e9 zl\u00e9 alebo nebezpe\u010dn\u00e9, pre\u010do ich okam\u017eite neozn\u00e1mil v snahe zachr\u00e1ni\u0165 \u017eivoty?&#8221; \u010ci\u017ee nemal povinnos\u0165 tak urobi\u0165? <H1>Nie, preto\u017ee vedel, \u017ee s\u00fa to dobr\u00e9 a spr\u00e1vne odpovede. <br \/> Pokojne, \u017eiadna panika! \u201c<\/h1>\n<hr>\n<p> &#8220;Vo febru\u00e1ri som si myslel, \u017ee je to v\u0161etko o \u010c\u00edne, preto\u017ee prezident mi povedal o diskusii s \u010d\u00ednskym prezidentom Xi. Ak sa pozriete na to, \u010do bolo zn\u00e1me vo febru\u00e1ri, v\u00edrus nemal na nikoho na mysli.&#8221; Nikto nenavrhoval zmenu spr\u00e1vania, potom ke\u010f to v marci vybuchlo, ako viete, do\u0161lo k 30 000 nov\u00fdm pr\u00edpadom denne, \u201c uviedol Woodward. <\/p>\n<p>&#8220;Zverejnenie nie\u010doho v tom okamihu by nehovorilo \u013eu\u010fom ni\u010d, \u010do nevedeli.&#8221; Guthrie pouk\u00e1zal na to, \u017ee Trump 7. febru\u00e1ra povedal Woodwardovi, \u017ee koronav\u00edrus je \u201esmrte\u013en\u00fd\u201c, \u201evzdu\u0161n\u00fd\u201c a je hor\u0161\u00ed ako chr\u00edpka, \u010do je v rozpore s t\u00fdm, \u010do prezident hovor\u00ed verejne.<\/p>\n<p>&#8220;Keby som mal nejak\u00fd n\u00e1vrh, \u017ee by to bolo o Spojen\u00fdch \u0161t\u00e1toch, potom by som, samozrejme, zverejnil, mysl\u00edm, \u017ee m\u00e1m zodpovednos\u0165 za verejn\u00e9 zdravie a verejn\u00fa bezpe\u010dnos\u0165.&#8221; Vo febru\u00e1ri v\u0161ak ni\u010d nenasved\u010dovalo tomu, \u017ee v marci v\u0161etci vedeli, \u010do mi povedal Trump, \u017ee sa to t\u00fdka Spojen\u00fdch \u0161t\u00e1tov. \u201c Povedal Woodward. \u201eK\u013e\u00fa\u010dov\u00e9 tu je, Savannah, \u017ee v m\u00e1ji, o tri mesiace nesk\u00f4r, som sa dozvedel k\u013e\u00fa\u010dov\u00fd d\u00f4kaz: \u017ee 28. janu\u00e1ra, 10 [dn\u00ed] pred touto febru\u00e1rovou v\u00fdzvou, bol prezident varovan\u00fd svojim poradcom pre n\u00e1rodn\u00fa bezpe\u010dnos\u0165 v pr\u00edsne tajn\u00e9 stretnutie, \u017ee <strong>v\u00edrus bude pre va\u0161e prezidentstvo najv\u00e1\u017enej\u0161ou hrozbou n\u00e1rodnej bezpe\u010dnosti.<\/strong> \u201c<br \/>\n&#8220;Preto knihu za\u010d\u00ednam t\u00fdm stretnut\u00edm 28. janu\u00e1ra, preto\u017ee o tom mi hovor\u00ed prezident 7. febru\u00e1ra, ale mysl\u00edm si, \u017ee so mnou hovoril o \u010c\u00edne.&#8221;<\/p>\n<p>Autor \u201eRage\u201c potom zopakoval, \u017ee si neuvedomil, \u017ee Trumpove febru\u00e1rov\u00e9 koment\u00e1re boli \u0161kodliv\u00e9 a\u017e o mesiace nesk\u00f4r. <\/p>\n<p>&#8220;Je to jeden z t\u00fdch \u0161okov pre m\u0148a, ke\u010f som p\u00edsal o deviatich prezidentoch, \u017ee prezident USA mal konkr\u00e9tne vedomosti, ktor\u00e9 by mohli zachr\u00e1ni\u0165 \u017eivoty.&#8221; Historici bud\u00fa p\u00edsa\u0165 o celom stratenom mesiaci febru\u00e1r desiatky rokov, \u201cuviedol Woodward.<\/p>\n<p>Woodward uviedol, \u017ee Trump s n\u00edm 18-kr\u00e1t hovoril pre t\u00e9mu \u201eRage\u201c a obaja str\u00e1vili ve\u013ea \u010dasu \u201esk\u00faman\u00edm vn\u00fatorn\u00e9ho Donalda Trumpa\u201c len preto, \u017ee prezident \u013eutoval, \u017ee s autorom pre svoju predch\u00e1dzaj\u00facu knihu nehovoril. Woodward uviedol, \u017ee vyd\u00e1 v\u0161etky pr\u00edslu\u0161n\u00e9 nahr\u00e1vky, ke\u010f o to \u013eudia po\u017eiadaj\u00fa.<\/p>\n<hr>\n<blockquote class=\"twitter-tweet\" data-width=\"550\" data-dnt=\"true\">\n<p lang=\"en\" dir=\"ltr\">Trump says he gets along with &#39;tougher,&#39; &#39;meaner&#39; leaders in new Bob Woodward tape <a href=\"https:\/\/t.co\/oq3Gi7Jugj\">https:\/\/t.co\/oq3Gi7Jugj<\/a><\/p>\n<p>&mdash; TODAY (@TODAYshow) <a href=\"https:\/\/twitter.com\/TODAYshow\/status\/1305507106729201664?ref_src=twsrc%5Etfw\">September 14, 2020<\/a><\/p><\/blockquote>\n<p><script async src=\"https:\/\/platform.twitter.com\/widgets.js\" charset=\"utf-8\"><\/script><\/p>\n<hr>\n<p>Poradca Trumpovej kampane vyvracia \u201em\u00fdtus\u201c, \u017ee POTUS spackal reakciu na koronav\u00edrusy. Steve Cortes sa postavil proti my\u0161lienke, \u017ee Trump nezvl\u00e1dol svoju pandemick\u00fa odpove\u010f. Cortes pre \u201eFox News Sunday\u201c uviedol, \u017ee napriek tomu, \u010do Bob Woodward uviedol vo svojej novej knihe &#8211; \u017ee Trump uznal z\u00e1va\u017enos\u0165 COVID-19 v \u010dase, ke\u010f \u0161\u00edril pre verejnos\u0165 in\u00fa spr\u00e1vu &#8211; i\u0161lo skuto\u010dne o pokus aby bola krajina pokojn\u00e1 a z\u00e1rove\u0148 konala v z\u00e1kulis\u00ed.<\/p>\n<p>\u201eMysl\u00edm si, \u017eia\u013e, m\u00e9di\u00e1 boli relat\u00edvne \u00faspe\u0161n\u00e9 pri presadzovan\u00ed m\u00fdtu, \u017ee prezident nespr\u00e1vne zaobch\u00e1dzal s v\u00edrusom,\u201c uviedol Cortes a dodal, \u017ee je presved\u010den\u00fd, \u017ee Woodwardova kniha \u201eskuto\u010dne odha\u013euje uk\u00e1\u017ekov\u00fd z\u00e1znam kr\u00edzov\u00e9ho riadenia\u201c. <\/p>\n<p>Poradca pre kampa\u0148 vysvetlil, \u017ee v \u010dase zm\u00e4tku a zmeny inform\u00e1ci\u00ed Trump urobil v\u00fdznamn\u00e9 rozhodnutia. \u201ePo\u010das hmly biologickej vojny, ke\u010f boli inform\u00e1cie nejednotn\u00e9, niekedy dokonca protichodn\u00e9, urobil dve rozhodnutia,\u201c uviedol. <\/p>\n<p>1, \u017ee uist\u00ed americk\u00fd \u013eud, \u017ee bude tak\u00fdm vodcom, ktor\u00fd presved\u010d\u00ed \u013eud\u00ed, \u017ee m\u00f4\u017eeme vytrva\u0165 prostredn\u00edctvom tohto epidemiologick\u00e9ho Pearl Harbor. \u201c Cortes uviedol, \u017ee<br \/>\n2. druhou akciou bolo blokovanie cestovania, najsk\u00f4r z \u010c\u00edny a potom z Eur\u00f3py.<\/p>\n<p>Chris Wallace poprel my\u0161lienku, \u017ee do\u0161lo k \u201evojnovej hmle\u201c, pri\u010dom uviedol, \u017ee predstavitelia Trumpa varovali, \u017ee v\u00edrus bude prezidentovou najv\u00e4\u010d\u0161ou v\u00fdzvou a \u017ee je porovnate\u013en\u00fd so \u0161panielskou chr\u00edpkou z roku 1918. Cortes tvrdil, \u017ee lek\u00e1rske inform\u00e1cie sa v tom \u010dase st\u00e1le vyv\u00edjali a \u017ee Dr. Anthony Fauci koncom febru\u00e1ra povedal, \u017ee Ameri\u010dania by nemali meni\u0165 svoje \u017eivotn\u00e9 zvyky, iba o nieko\u013eko dn\u00ed nato povedal, \u017ee by malo d\u00f4js\u0165 k celon\u00e1rodn\u00e9mu odstaveniu.<\/p>\n<p>Cortes predt\u00fdm v segmente uviedol, \u017ee je presved\u010den\u00fd, \u017ee o\u017eivenie ekonomiky bude pre voli\u010dov smeruj\u00facich do novembrov\u00fdch volieb najv\u00e4\u010d\u0161\u00edm faktorom a \u017ee to pom\u00f4\u017ee Trumpovi. <\/p>\n<p>&#8220;St\u00e1le ver\u00edm, \u017ee kone\u010dn\u00fdm hnac\u00edm mechanizmom volebn\u00e9ho rozhodnutia pre v\u00e4\u010d\u0161inu Ameri\u010danov bude to, \u010do zvy\u010dajne je: kto m\u00f4\u017ee vytvori\u0165 prosperitu pre m\u0148a, pre moju rodinu a pre t\u00fato krajinu v bud\u00facnosti,&#8221; uviedol. Prezident m\u00e1 zauj\u00edmav\u00fd pr\u00edbeh, najm\u00e4 vzh\u013eadom na s\u00fa\u010dasn\u00fa ekonomick\u00fa renesanciu, ktor\u00e1 sa v tejto krajine odohr\u00e1va. T\u00e1to krajina sa s chu\u0165ou vracia pr\u00e1ve teraz. \u201c<\/p>\n<hr>\n<p>Tento cel\u00fd gul\u00e1\u0161 je v\u00fdsledkom nebezpe\u010denstva Covidu-19, lebo to nie je chr\u00edpka ako vyskaj\u00fa Slovensk\u00ed neonacisti Kotleb\u00e1ky a samozvan\u00fd odborn\u00edci ako bukovsky, dementi na weboch, ale smrte\u013en\u00fd v\u00edrus v tele! Najd\u00f4le\u017eitej\u0161ia je, \u017ee prv\u00fdch mrtv\u00fdch nikto ani nepitval, rovno ich spa\u013eovali napr. v \u0106ine, nepitvaj\u00fa sa ani teraz, nechaj\u00fa to tak, \u017ee zomrel na chr\u00edpku. Pitva je na programe len vtedy, ked pacient zomrie v nemocnici! <\/p>\n<p>Pitva u mu\u017ea potvrdila <strong>rozvinut\u00fa p\u013e\u00facnu formu COVID-19<\/strong> a <strong> z\u00e1pal p\u013e\u00fac<\/strong>. RO_ZU_MIE_TE????<\/p>\n<p>Mil\u00e1\u010dik SK dementov rusofilov KGB\u00e1k o\u010dkuje len tak\u00fd fukot, ani nepo\u010dkal na v\u00fdsledku 3. f\u00e1zy, ale debiln\u00e1 zmanipulovan\u00e1 rusofiln\u00e1 Slova\u010d je proti! Covid vraj neexistuje! Tak ako, drbnut\u00ed rusofili na Hlavn\u00fdch Spr\u00e1vach palceva, dementi z Topiek?? \u0160vihnut\u00fd Kotleb\u00e1k je p\u013e\u00facny lek\u00e1r??!!<\/p>\n<p>Harab\u00e1kovi odkazujem, \u017ee Mikasa pova\u017euj\u00fa p\u013e\u00facni lek\u00e1ri za ve\u013emi dobr\u00e9ho odborn\u00edka vo fachu! Na rozdiel od potravinov\u00fdch dementov, ktor\u00fdm dodnes nevad\u00ed Monsanto GMO kukurica a repka na Slovensku \ud83d\ude42 Hur\u00e1\u00e1\u00e1\u00e1\u00e1\u00e1 \ud83d\ude42<\/p>\n<hr>\n<p>Kazachstan je jedinou stredo\u00e1zijskou krajinou, ktor\u00e1 nevidela v\u00fdrazn\u00fd prepad obchodn\u00e9ho obratu s \u010c\u00ednou v prvej polovici roku 2020.  Kaza\u0161sk\u00fd v\u00fdvoz do \u010c\u00edny dokonca r\u00e1stol &#8211; z 5,1 mili\u00e1rd dol\u00e1rov v prvej polovici roku 2019 na 5,9 mili\u00e1rd dol\u00e1rov v rovnakom obdob\u00ed tohto roka. (To je porovnanie s iba 2,1 miliardami dol\u00e1rov v prvom polroku 2015.) <strong>Rast bol veden\u00fd po\u013enohospod\u00e1rskym tovarom po tom, \u010do Peking zistil, \u017ee kaza\u0161sk\u00e1 produkcia sp\u013a\u0148a po\u017eiadavky na dovoz z h\u013eadiska bezpe\u010dnosti potrav\u00edn&#8221;<\/strong> <\/p>\n<p>V auguste \u010d\u00ednski kupuj\u00faci po prv\u00fd raz previedli z\u00e1lohu spolo\u010dnosti Kazir Agro na surov\u00fd svetlicov\u00fd olej pred dodan\u00edm, \u010do je dohoda, ktor\u00fa kaza\u0161sk\u00fd v\u00fdvozca vn\u00edma ako prejav rast\u00facej d\u00f4very. \u201eNa\u0161i zahrani\u010dn\u00ed partneri, najm\u00e4 \u010c\u00edna, maj\u00fa spravidla ur\u010dit\u00e9 v\u00fdhrady k [platb\u00e1m vopred]. Je to pre nich riziko. Kde je z\u00e1ruka, \u017ee kaza\u0161sk\u00fd v\u00fdrobca spln\u00ed svoje povinnosti? \u201c Pre kaza\u0161sk\u00e9 m\u00e9di\u00e1 to povedal kaza\u0161sk\u00fd obchodn\u00fd z\u00e1stupca Sergej Salmanov so s\u00eddlom v Si-an.<\/p>\n<p>A rusk\u00fd safflower oil sa nen\u00e1jde??<br \/>\n<img decoding=\"async\" class=\"cento\" src=\"https:\/\/images-na.ssl-images-amazon.com\/images\/I\/71NQhjWmw4L._SY445_.jpg\" alt=\"Svetlicov\u00fd olej - 6 \u00fa\u010dinkov na zdravie Svetlicov\u00fd olej udr\u017euje zdrav\u00e9 srdce. Svetlicov\u00fd olej m\u00e1 ve\u013emi vysok\u00fd obsah kyseliny linolovej, omega 6 mastnej kyseliny, \u010do je prospe\u0161n\u00fd typ kyseliny, ktor\u00e9 na\u0161e telo potrebuje\" \/><\/p>\n<p>Svetlicov\u00fd olej &#8211; 6 \u00fa\u010dinkov na zdravie Svetlicov\u00fd olej udr\u017euje zdrav\u00e9 srdce. Svetlicov\u00fd olej m\u00e1 ve\u013emi vysok\u00fd obsah kyseliny linolovej, omega 6 mastnej kyseliny, \u010do je prospe\u0161n\u00fd typ kyseliny, ktor\u00e9 na\u0161e telo potrebuje:))))))))))))))))))))))))))))))<\/p>\n","protected":false},"excerpt":{"rendered":"<p>Bob Woodward tvrd\u00ed, \u017ee neurobil ni\u010d zl\u00e9! \u201eHistorici bud\u00fa p\u00edsa\u0165 o celom stratenom febru\u00e1rovom mesiaci desiatky rokov,\u201c uviedol. Bob Woodward v pondelok tvrdil, \u017ee neurobil ni\u010d zl\u00e9, ke\u010f sedel na pozn\u00e1mke prezidenta Trumpa o koronav\u00edruse v prv\u00fdch mesiacoch vypuknutia, preto\u017ee v tom \u010dase sa autor domnieval, \u017ee Trump hovoril o dopade COVID-19 na \u010c\u00ednu. Vo [&hellip;]<\/p>\n","protected":false},"author":1,"featured_media":0,"comment_status":"closed","ping_status":"open","sticky":false,"template":"","format":"standard","meta":{"footnotes":""},"categories":[11],"tags":[],"class_list":["post-3562","post","type-post","status-publish","format-standard","hentry","category-q-anon"],"_links":{"self":[{"href":"https:\/\/extraslovensko.sk\/spravy\/wp-json\/wp\/v2\/posts\/3562","targetHints":{"allow":["GET"]}}],"collection":[{"href":"https:\/\/extraslovensko.sk\/spravy\/wp-json\/wp\/v2\/posts"}],"about":[{"href":"https:\/\/extraslovensko.sk\/spravy\/wp-json\/wp\/v2\/types\/post"}],"author":[{"embeddable":true,"href":"https:\/\/extraslovensko.sk\/spravy\/wp-json\/wp\/v2\/users\/1"}],"replies":[{"embeddable":true,"href":"https:\/\/extraslovensko.sk\/spravy\/wp-json\/wp\/v2\/comments?post=3562"}],"version-history":[{"count":0,"href":"https:\/\/extraslovensko.sk\/spravy\/wp-json\/wp\/v2\/posts\/3562\/revisions"}],"wp:attachment":[{"href":"https:\/\/extraslovensko.sk\/spravy\/wp-json\/wp\/v2\/media?parent=3562"}],"wp:term":[{"taxonomy":"category","embeddable":true,"href":"https:\/\/extraslovensko.sk\/spravy\/wp-json\/wp\/v2\/categories?post=3562"},{"taxonomy":"post_tag","embeddable":true,"href":"https:\/\/extraslovensko.sk\/spravy\/wp-json\/wp\/v2\/tags?post=3562"}],"curies":[{"name":"wp","href":"https:\/\/api.w.org\/{rel}","templated":true}]}}