{"id":5684,"date":"2020-11-11T09:07:43","date_gmt":"2020-11-11T09:07:43","guid":{"rendered":"https:\/\/extraslovensko.sk\/spravy\/?p=5684"},"modified":"2020-11-11T09:07:43","modified_gmt":"2020-11-11T09:07:43","slug":"kremelska-verzia-noveho-osidlenia-v-nahornom-karabachu","status":"publish","type":"post","link":"https:\/\/extraslovensko.sk\/spravy\/kremelska-verzia-noveho-osidlenia-v-nahornom-karabachu\/","title":{"rendered":"Kreme\u013esk\u00e1 verzia os\u00eddlenia v N\u00e1hornom Karabachu"},"content":{"rendered":"<p>Nov\u00e1 Kreme\u013esk\u00e1 verzia nov\u00e9ho os\u00eddlenia v N\u00e1hornom Karabachu, ktor\u00e1 sa l\u00ed\u0161i od toho \u010do publikovali rusk\u00e9 media oddan\u00fdch  SK rusofilov. SK rusofili ot\u00e1\u010daj\u00fa kab\u00e1ty v prospech rusk\u00e9ho a Tureck\u00e9ho isl\u00e1mu. Isl\u00e1m je neoddelite\u013enou s\u00fa\u010das\u0165ou ruskej kult\u00fary. Ergo aj judaizmus, lebo Abrah\u00e1m mal dvoch synov a s\u00fadruha KGB\u00e1ka vychov\u00e1val nie rusk\u00fd \u0160t\u00far alebo J\u00e1no\u0161ik, ale Chasidsk\u00fd rab\u00edn Berel Lazar z Chabadu Lubavitch. Vladim\u00edr Zeev KGB\u00e1k ho zato odmenil aj vysok\u00fdm vyznamenan\u00edm. <\/p>\n<h3>Isl\u00e1m je neoddelite\u013enou s\u00fa\u010das\u0165ou ruskej kult\u00fary, nie Slovenskej<\/h3>\n<hr>\n<p>https:\/\/www.youtube.com\/watch?v=dQpzzWy2pHU<\/p>\n<hr>\n<p>Len tak mimochodom \u015aoro\u0161a Open Society doniesli do Armenska predch\u00e1dzaj\u00faci prezidenti moskovsk\u00ed ri\u0165olezovia a nie teraj\u0161\u00ed. Moskva, never\u00edte? Tak tu m\u00e1te link: When the<strong><a href=\"https:\/\/www.osf.am\/about-company\/who-we-are\/\"> Open Society Foundations\u2014Armenia opened its doors in 1997<\/a><\/strong>, Armenia\u2019s population was isolated and impoverished due to the war in Nagorno-Karabakh and the economic blockade imposed by Azerbaijan and Turkey. <\/p>\n<p>The Open Society Institute-Assistance Foundation in Azerbaijan operated between 1999 and 2010. In the end of 2010, the Open Society Foundations (OSF) decided to reduce the office\u2019s activity to technical functions, while grant decisions were made in the headquarters. On 11 December 2014, the Open Society Institute in Baku closed down.<\/p>\n<p>\u201ePrezident Azerbajd\u017eanskej republiky Ilham Alijev sa stretol so zakladate\u013eom In\u0161tit\u00fatu otvorenej spolo\u010dnosti Georgom Sorosom v Davose. Strany si vymenili n\u00e1zory t\u00fdkaj\u00face sa procesov rozvoja v Azerbajd\u017eane. \u201c <\/p>\n<p>V lete 2016 George Soros vyhl\u00e1sil, \u017ee Z\u00e1pad rob\u00ed ve\u013ek\u00fa chybu t\u00fdm, \u017ee podporuje Ilhama Alijeva.<\/p>\n<hr>\n<p>Karabachsk\u00fd prezidentsk\u00fd poradca: <a href=\"https:\/\/news.am\/eng\/news\/610449.html\">Sme svedkami tureckej anexie Azerbajd\u017eanu<\/a>! V s\u00favislosti s hist\u00f3riou tureck\u00e9ho \u0161t\u00e1tu Babayan poznamenal, \u017ee to, \u010do sa deje teraz, sa d\u00e1 be\u017ene nazva\u0165 \u201etre\u0165ou expanziou\u201c Turecka. Prv\u00fd z nich bol za vl\u00e1dy Seld\u017eukov, ke\u010f na trosk\u00e1ch Seld\u017euckej r\u00ed\u0161e vznikla Osmansk\u00e1 r\u00ed\u0161a. S\u00fa\u010dasn\u00e9 Turecko a jeho obsah sa potom ve\u013emi l\u00ed\u0161ia od svojich predchodcov. <\/p>\n<p>&#8220;Osmani a Seld\u017eukovia nemali \u017eiadny nacionalistick\u00fd pr\u00edstup k budovaniu n\u00e1roda. Dobyli \u00fazemia a chceli si osvoji\u0165 zvyky miestneho obyvate\u013estva, \u00fa\u010delovo zmenili antropologick\u00fd vzh\u013ead. To znamen\u00e1, \u017ee nejako chceli opusti\u0165 nom\u00e1dsku minulos\u0165, pova\u017euj\u00fac ju za ak\u00fdsi anachronizmus, ktor\u00fd sa nehod\u00ed pre r\u00ed\u0161u.<\/p>\n<h3>Turecko prestalo odobera\u0165 plyn od Gazpromu a pre\u0161lo na plyn z Azerbajd\u017eanu<\/h3>\n<hr>\n<p>Ako vyzer\u00e1 Kreme\u013esk\u00e1 verzia nov\u00e9ho os\u00eddlenia v N\u00e1hornom Karabachu v prospech isl\u00e1mu. Alebo sal\u00e1mov\u00e1 met\u00f3da na rozbitie Arm\u00e9nska na m\u00e1rne k\u00fasky al\u00e1 Ukrajina a Gruz\u00ednsko. <\/p>\n<p><img decoding=\"async\" class=\"cento\" src=\"\/image\/alijev.jpg\" alt=\"Ilham Aliyev and NATO Secretary General Jens Stoltenberg\" \/><br \/>\n<center>Ilham Aliyev and NATO Secretary General Jens Stoltenberg<\/center><br \/>\nBod 4. Mierov\u00fd kontingent Ruskej feder\u00e1cie bude nasaden\u00fd s\u00fabe\u017ene s \u00fastupom arm\u00e9nskych ozbrojen\u00fdch s\u00edl. Trvanie pobytu mierov\u00e9ho kontingentu bude <strong>p\u00e4\u0165 rokov s automatick\u00fdm pred\u013a\u017een\u00edm o \u010fal\u0161ie p\u00e4\u0165ro\u010dn\u00e9 obdobie<\/strong>, ak \u017eiadna zo str\u00e1n nevyhl\u00e1si z\u00e1mer ukon\u010di\u0165 toto ustanovenie do \u0161iestich mesiacov od jeho skon\u010denia.<\/p>\n<p>Bod 6. Azerbajd\u017eansk\u00e1 republika zaru\u010duje bezpe\u010dnos\u0165 prepravy os\u00f4b, vozidiel a n\u00e1kladu pozd\u013a\u017e lochinsk\u00e9ho koridoru v oboch smeroch. <\/p>\n<p>Bod 9. V dohode zmluvn\u00fdch str\u00e1n sa ustanovuje v\u00fdstavba <strong>nov\u00fdch dopravn\u00fdch spojen\u00ed<\/strong> sp\u00e1jaj\u00facich Nakhchivansk\u00fa auton\u00f3mnu republiku so z\u00e1padn\u00fdmi oblas\u0165ami Azerbajd\u017eanu.<\/p>\n<p>Na z\u00e1klade dohody str\u00e1n sa v nasleduj\u00facich troch rokoch stanov\u00ed pl\u00e1n v\u00fdstavby <strong>novej dopravnej trasy pozd\u013a\u017e koridoru Lachin<\/strong>, ktor\u00e1 zabezpe\u010d\u00ed spojenie medzi N\u00e1horn\u00fdm Karabachom  a Arm\u00e9nskom s n\u00e1sledn\u00fdm presunom rusk\u00fdch<del datetime=\"2020-11-11T08:35:38+00:00\">h mierov\u00fdch jednotiek<\/del> na ochranu touto cestou. Tak\u00e9 mierov\u00e9 sily pozn\u00e1 ka\u017ed\u00fd s\u010d\u00edtan\u00fd \u010dlovek &#8211; <\/p>\n<blockquote><p>Poskytneme v\u00e1m rusk\u00fa ochranu a  obsad\u00edme va\u0161e \u00fazemie.<\/p><\/blockquote>\n<p>Nejde o mier, ale o \u00fazemie a lokajstvo al\u00e1 1968 u n\u00e1s.<\/p>\n<hr>\n<p><img class=\"cento\"src=\"\/image\/lachin.pass.jpg\" alt=\"Kreme\u013esk\u00e1 verzia nov\u00e9ho os\u00eddlenia v N\u00e1hornom Karabachu\" \/><\/p>\n<p>K\u013e\u00fa\u010dov\u00fd bod pre Turecko: dohoda si vy\u017eaduje otvorenie dopravn\u00e9ho koridoru medzi Azerbajd\u017eanom a Nach\u010divanom, jeho z\u00e1padnou enkl\u00e1vou. <strong>To znamen\u00e1 spojenie medzi Baku a Tureckom, lebo Turci podporuj\u00fa Azerbajd\u017e\u00e1n \ud83d\ude42<\/strong><\/p>\n<p><strong>KGB\u00e1k podporuje Erdogana, lebo mu pomohol zlikvidova\u0165 sp\u00fastu ISIS v Idlibe<\/strong>, nemusel obetova\u0165 vlastn\u00fdch vojakov, <a href=\"https:\/\/extraslovensko.sk\/spravy\/operacia-idlib-rusko-a-turecko-sylvian-laforest\/\">Oper\u00e1cia Idlib Rusko a Turecko Sylvian LaForest<\/a><\/p>\n<p>To Lachin je najd\u00f4le\u017eitej\u0161ie, lebo Erdogan je moslim ako Azeri a nie papu\u00e1nec. Tak\u017ee ve\u013ek\u00e9 bludy po weboch na ochranu Arm\u00e9nska pred vraj moslimami skon\u010dili v\u010faka KGB\u00e1kovi hrdo na smetisku \ud83d\ude42 Kab\u00e1ty oto\u010di\u0165 Raz, Dva \u013eav\u00e1. Za isl\u00e1m, Na Str\u00e1\u017e!<\/p>\n<p>Kres\u0165ania Arm\u00e9nska dostali naklada\u010dku, nie kv\u00f4li Pa\u0161ijanovi ale kv\u00f4li kres\u0165anstvu, v\u0161\u00e1k ujo bradat\u00fd Berel Lazar?!<\/p>\n<p><img decoding=\"async\" class=\"cento\" src=\"\/image\/armeniea-soldier.jpg\" alt=\"Kres\u0165ania Arm\u00e9nska\" \/><\/p>\n<hr>\n<p><img decoding=\"async\" src=\"https:\/\/gdb.rferl.org\/A0C29280-AD4B-4A11-A3A7-F81829A45C4D_w1023_r0_s.jpg\" alt=\" SMERCH rakiet\" \/><\/p>\n<p>Azerbajd\u017eansk\u00e9 mesto Barda zasiahli 28. okt\u00f3bra e\u0161te smrte\u013enej\u0161ou stre\u013ebou, ke\u010f bolo \u00fadajne zabit\u00fdch 21 \u013eud\u00ed vr\u00e1tane dobrovo\u013en\u00edka \u010cerven\u00e9ho polmesiaca po tom, \u010do<strong> kazetov\u00e9 bomby nesen\u00e9 vo vn\u00fatri SMERCH rakiet<\/strong> obsypali \u0161rapnelmi do centra provin\u010dn\u00e9ho mesta.  <\/p>\n<hr>\n<p>Posunieme si d\u00e1tum, to maju radi rusofili ako pri Kryme.<\/p>\n<p>Azerbajd\u017eansko, Azer &#8211; ohe\u0148! Zoroastri\u00e1ni!!!!!!!!!!!!!!!!! Pod\u013ea legendy sa tu narodil aj Zoroaster, zakladate\u013e zoroastrizmu.<\/p>\n<h3>Baku Flame Towers <\/h3>\n<p><img decoding=\"async\" class=\"cento\" src=\"https:\/\/en.wikiarquitectura.com\/wp-content\/uploads\/2017\/01\/Baku_Towers_render.jpg\" alt=\"Baku Flame Towers\" \/><\/p>\n<p> D\u00e1, D\u00e1 \u00e9to d\u00e1\u00e1\u00e1\u00e1\u00e1\u00e1\u010da bog\u00e1\u00e1\u00e1\u00e1\u00e1tych Zoroastri\u00e1\u00e1\u00e1\u00e1\u00e1nov \ud83d\ude42 <\/p>\n<p>Ako je to mo\u017en\u00e9. \u017ee tento Flame Tower postavili a\u017e po rozpade ZSSR??? Dovtedy Zoroastri\u00e1ni neexistovali?? \u0147ET!<\/p>\n<hr>\n<p>Ako sa to opova\u017eujete v Moskve!! Arm\u00e9nsky parlament ktor\u00fd vraj zradil Pa\u0161ijan po ozn\u00e1men\u00ed dohody vo fotografi\u00e1ch. Pod\u013ea tohto paktu prech\u00e1dza kontrola nad siedmimi oblas\u0165ami Karabachu do Azerbajd\u017eanu, \u010do bude pre krajinu mor\u00e1lny stimul. Azerbajd\u017ean z\u00edskal viac, ako si vysn\u00edval. Analytik poznamenal, \u017ee je to ve\u013ek\u00e9 v\u00ed\u0165azstvo aj pre Turecko, preto\u017ee krajina a jej prezident <strong>Recep Tayyip Erdogan boli do tohto konfliktu hlboko zapojen\u00ed. <\/strong><\/p>\n<hr>\n<p><img decoding=\"async\" src=\"\/image\/armeni-3.jpg\" alt=\"Arm\u00e9nsky parlament po ozn\u00e1men\u00ed dohody vo fotografi\u00e1ch\" \/><\/p>\n<hr>\n<p>Nov\u00fd arm\u00e9nsky prezident aj parlament bude dosaden\u00fd Krem\u013eom a krava Zacharka za\u010dne ma\u0165 halucin\u00e1cie, \u017ee Arm\u00e9nsko sa chce znovu pripoji\u0165 do NEW ZSSR.<\/p>\n<p>Za Arm\u00e9nske referendum o vstupe do Ruskej Feder\u00e1cie, Na Str\u00e1\u017e!<\/p>\n<p>Na 102. vojenskej z\u00e1kladni v Arm\u00e9nskom meste Gyumri je ofici\u00e1lne umiestnen\u00fdch 3 000 rusk\u00fdch vojakov. Na za\u010diatku roka 2005, 102. Vojensk\u00e1 z\u00e1klad\u0148a mala 74 tankov , 17 bojov\u00fdch vozidiel pechoty, 148 obrnen\u00fdch transport\u00e9rov , 84 delostreleck\u00fdch kusov, 18 MiG-29 bojovn\u00edci a nieko\u013eko bat\u00e9ri\u00ed S-300 protilietadlov\u00fdch riaden\u00fdch striel. <\/p>\n<p> V roku 2013 hlavn\u00fd velite\u013e 102. vojenskej z\u00e1kladne Andrej Ruzinsk\u00fd v rozhovore uviedol, \u017ee <strong>\u201eAk sa Azerbajd\u017ean rozhodne silou &#8211; mocou obnovi\u0165 jurisdikciu nad N\u00e1horn\u00fdm Karabachom, m\u00f4\u017ee sa  rusk\u00e1  vojensk\u00e1 z\u00e1klad\u0148a zapoji\u0165 do ozbrojen\u00e9ho konfliktu v s\u00falade so z\u00e1v\u00e4zkami Ruskej feder\u00e1cie v r\u00e1mci r\u00e1mci Zmluvy o kolekt\u00edvnej bezpe\u010dnosti (CSTO).<\/strong>  &#8230;a,a,a \ud83d\ude42 \ud83d\ude42 \ud83d\ude42 <\/p>\n<hr>\n<p><img decoding=\"async\" class=\"cento\" src=\"https:\/\/www.sipri.org\/sites\/default\/files\/inline-images\/russian-military-base-armenia.jpg\" alt=\"Armenia's Gyumri town\" \/><\/p>\n<hr>\n<p>Vojaka (20) na\u0161li v sobotu m\u0155tveho v byte v arm\u00e9nskom meste Gyumri, informoval web shamshyan.com. Telo pol\u00edcia identifikovala: 20-ro\u010dn\u00fd ob\u010dan Ruska, bol n\u00e1jden\u00fd m\u0155tvy v jeho sp\u00e1lni. List sa na\u0161iel aj na mieste \u010dinu.<\/p>\n<p>V roku 1999 vo\u0161li do mesta dvaja opit\u00ed vojaci, Denis Popov a Alexander Kamenev, vyzbrojen\u00ed pu\u0161kami AK-74 , a zah\u00e1jili prestrelky, pri\u010dom zabili dvoch mu\u017eov Vaghinaka Simonyana a Davida Soghomonyana a 14 ich zranili. V Arm\u00e9nsku boli dvaja mu\u017ei s\u00faden\u00ed, kde bol Popov ods\u00faden\u00fd na 14 rokov v\u00e4zenia a Kamenev na 15 rokov. To, \u010di obaja t\u00edto dvaja \u013eudia zast\u00e1vali cel\u00e9 svoje funk\u010dn\u00e9 obdobie v Arm\u00e9nsku, je nejasn\u00e9 a o vy\u0161etrovan\u00ed a potrestan\u00ed tohto s\u00fadu sa vie len m\u00e1lo.  V rozhovore zverejnenom 16. janu\u00e1ra s News.am popov pr\u00e1vni\u010dka Tamara Yailoian tvrdila, \u017ee <strong>jej b\u00fdval\u00fd klient bol prevezen\u00fd do Ruska \u201epo dvoch a\u017e troch rokoch\u201c<\/strong> a \u201enesk\u00f4r sme sa dozvedeli, \u017ee zadarmo.&#8221;  <\/p>\n<p>V roku 2013 boli m\u00ednou na cvi\u010disku v bl\u00edzkosti vojenskej z\u00e1kladne zabit\u00e9 dve deti. Pole nebolo oploten\u00e9 ani pop\u00edsan\u00e9, aby poskytovalo n\u00e1le\u017eit\u00e9 varovanie, velenie na vojenskej z\u00e1kladni napriek tomu nikoho nikdy nepotrestalo a tie\u017e ignorovalo ofici\u00e1lne s\u0165a\u017enosti  miestnych obyvate\u013eov. <\/p>\n<p>V janu\u00e1ri 2015 bola v noci v ich dome<strong> zmasakrovan\u00e1 sedem\u010dlenn\u00e1 arm\u00e9nska rodina rusk\u00fdm dezert\u00e9rom Valerijom Permyakovom z vojenskej z\u00e1kladne<\/strong>. \u010coskoro ho zadr\u017eali a v Jerevane a Gyumri nasledovali protivl\u00e1dne a protirusk\u00e9 zhroma\u017edenia.<\/p>\n","protected":false},"excerpt":{"rendered":"<p>Nov\u00e1 Kreme\u013esk\u00e1 verzia nov\u00e9ho os\u00eddlenia v N\u00e1hornom Karabachu, ktor\u00e1 sa l\u00ed\u0161i od toho \u010do publikovali rusk\u00e9 media oddan\u00fdch SK rusofilov. SK rusofili ot\u00e1\u010daj\u00fa kab\u00e1ty v prospech rusk\u00e9ho a Tureck\u00e9ho isl\u00e1mu. Isl\u00e1m je neoddelite\u013enou s\u00fa\u010das\u0165ou ruskej kult\u00fary. Ergo aj judaizmus, lebo Abrah\u00e1m mal dvoch synov a s\u00fadruha KGB\u00e1ka vychov\u00e1val nie rusk\u00fd \u0160t\u00far alebo J\u00e1no\u0161ik, ale Chasidsk\u00fd [&hellip;]<\/p>\n","protected":false},"author":1,"featured_media":0,"comment_status":"closed","ping_status":"open","sticky":false,"template":"","format":"standard","meta":{"footnotes":""},"categories":[8],"tags":[],"class_list":["post-5684","post","type-post","status-publish","format-standard","hentry","category-meduza"],"_links":{"self":[{"href":"https:\/\/extraslovensko.sk\/spravy\/wp-json\/wp\/v2\/posts\/5684","targetHints":{"allow":["GET"]}}],"collection":[{"href":"https:\/\/extraslovensko.sk\/spravy\/wp-json\/wp\/v2\/posts"}],"about":[{"href":"https:\/\/extraslovensko.sk\/spravy\/wp-json\/wp\/v2\/types\/post"}],"author":[{"embeddable":true,"href":"https:\/\/extraslovensko.sk\/spravy\/wp-json\/wp\/v2\/users\/1"}],"replies":[{"embeddable":true,"href":"https:\/\/extraslovensko.sk\/spravy\/wp-json\/wp\/v2\/comments?post=5684"}],"version-history":[{"count":0,"href":"https:\/\/extraslovensko.sk\/spravy\/wp-json\/wp\/v2\/posts\/5684\/revisions"}],"wp:attachment":[{"href":"https:\/\/extraslovensko.sk\/spravy\/wp-json\/wp\/v2\/media?parent=5684"}],"wp:term":[{"taxonomy":"category","embeddable":true,"href":"https:\/\/extraslovensko.sk\/spravy\/wp-json\/wp\/v2\/categories?post=5684"},{"taxonomy":"post_tag","embeddable":true,"href":"https:\/\/extraslovensko.sk\/spravy\/wp-json\/wp\/v2\/tags?post=5684"}],"curies":[{"name":"wp","href":"https:\/\/api.w.org\/{rel}","templated":true}]}}