{"id":5767,"date":"2020-11-13T14:05:21","date_gmt":"2020-11-13T14:05:21","guid":{"rendered":"https:\/\/extraslovensko.sk\/spravy\/?p=5767"},"modified":"2020-11-13T14:05:21","modified_gmt":"2020-11-13T14:05:21","slug":"sk-futbalisti-a-black-lives-matter","status":"publish","type":"post","link":"https:\/\/extraslovensko.sk\/spravy\/sk-futbalisti-a-black-lives-matter\/","title":{"rendered":"SK futbalisti a Black Lives Matter"},"content":{"rendered":"<p>Na\u0161i politicky obrovsky s\u010d\u00edtani a vzdelan\u00ed futbalisti teraz po\u0161l\u00fa hnutiu Black Lives Matter fina\u010dn\u00fa a samozrejme osobn\u00fa podporu, len tak bude fi\u010da\u0165.<br \/>\n\u010cinsky smrad hahahahahm\u0161ik to vybav\u00ed z vlastn\u00e9ho, ked nikto nedolo\u017ei!  Black Lives Matter u\u017e po\u017eaduj\u00fa od Bidena NIE\u010cO! Lebo ako p\u00edsomne uviedli zadarmo ani kura nehrabe. Zadarmo sa ani SK futbalisti r\u00e1no nezobudia a nepr\u00eddu na Black Lives Mercedesoch ani na \u0161tadi\u00f3n.<\/p>\n<p>Prv\u00fdm z vojakov, ktor\u00ed po\u017eaduj\u00fa ich platbu za vo\u013eby, je Black Lives Matter, ktor\u00e1 tento t\u00fd\u017ede\u0148 vydala \u00fapln\u00e9 vyhl\u00e1senie pre demokratick\u00e9 elity, ktor\u00e9 im hovorilo, aby zaplatili!!! \u201e Okrem organiz\u00e1ci\u00ed veden\u00fdch \u010diernymi v celej krajine, Black Lives Matter do t\u00fdchto volieb v\u00fdrazne investoval,\u201c nap\u00edsala spoluzakladate\u013eka a v\u00fdkonn\u00e1 riadite\u013eka BLM Patrisse Cullors. <\/p>\n<p>\u201eNa\u0161\u00edm mottom bolo \u201e hlasova\u0165 a organizova\u0165 \u201c a na\u0161e \u00fasilie o volebn\u00e9 pr\u00e1vo dosiahlo viac ako 60 mili\u00f3nov voli\u010dov.\u201c<\/p>\n<blockquote><p>Chceme nie\u010do pre svoj hlas!<\/p><\/blockquote>\n<p><img decoding=\"async\" class=\"cento\" src=\"\/image\/blmbiden.jpg\" alt=\"SK futbalisti a Black Lives Matter\" \/><\/p>\n<p>Pozor, Joe \ud83d\ude42 <\/p>\n<p>Cullors \u010falej tvrdila, \u017ee ich agenda mus\u00ed by\u0165 prioritn\u00e1 ( pripomenutie: Cullors sa skr\u00fdva za my\u0161lienku agendy \u201eob\u010dianskych pr\u00e1v\u201c a z\u00e1rove\u0148 si hovor\u00ed, \u017ee s\u00fa doslova marxistami ). Povedala tie\u017e, \u017ee nebud\u00fa tolerova\u0165 \u201e\u013eahostajnos\u0165 vl\u00e1dy kontrolovanej demokratmi\u201c.<\/p>\n<p>\u201eZvolen\u00fd prezident Biden a zvolen\u00fd podpredseda Harris: obaja ste diskutovali o rie\u0161en\u00ed syst\u00e9mov\u00e9ho rasizmu ako o \u00fastrednom prvku va\u0161ich volebn\u00fdch kampan\u00ed,\u201c vyhl\u00e1sila Cullors. <\/p>\n<p>\u201eObaja ste vyjadrili po\u013eutovanie nad va\u0161imi z\u00e1znamami o probl\u00e9moch ovplyv\u0148uj\u00facich \u010dernochov. Najlep\u0161\u00edm sp\u00f4sobom, ako zabezpe\u010di\u0165, aby ste napravili minul\u00e9 pre\u0161\u013eapy a pracovali na dosiahnut\u00ed spravodlivej\u0161ej bud\u00facnosti pre \u010dernochov &#8211; a teda v\u0161etk\u00fdch \u013eud\u00ed &#8211; je vyda\u0165 sa smerom od \u010diernych miestnych obyvate\u013eov organiz\u00e1tori, ktor\u00ed sa tejto pr\u00e1ci venuj\u00fa u\u017e desa\u0165ro\u010dia.\u201c<\/p>\n<hr>\n<p>Z\u00e1znamy, o ktor\u00fdch Cullors hovor\u00ed, s\u00fa samozrejme Bidenova podpora z\u00e1kona o kriminalite z roku 1994, ktor\u00fd poslal do v\u00e4zenia st\u00e1tis\u00edce \u010dernochov, a Harrisov\u00fdch 27 rokov p\u00f4sobenia kalifornsk\u00e9ho prokur\u00e1tora pri vym\u00e1han\u00ed tvrd\u00fdch trestov, ktor\u00e9 mali neprimeran\u00fd dopad na \u010dierne komunity. Existuj\u00fa aj \u010fal\u0161ie pr\u00edpady Bidena, ktor\u00e9 sa v roku 1977 postavili na stranu segregacionalistov <\/p>\n<blockquote><p>\u00e1no, \u013eudia, tento mu\u017e, ktor\u00fd chce zmeni\u0165 Washington, bol u\u017e v \u00farade, ke\u010f vy\u0161li p\u00f4vodn\u00e9 Hviezdne vojny, pri\u010dom chv\u00e1lili Obamu ako \u201ev\u00fdre\u010dn\u00e9ho a jasn\u00e9ho, \u200b\u200b\u010dist\u00e9ho a mil\u00e9ho vyzeraj\u00faci chlap \u201c v roku 2007 a hovoriace\u201e chudobn\u00e9 deti \u201cs\u00fa rovnako inteligentn\u00e9 ako\u201e biele deti \u201c v roku 2019.<\/p><\/blockquote>\n<p>Zatia\u013e \u010do BLM a AOC maj\u00fa luxus chrliacich marxistick\u00fdch poterov, v\u00e4\u010d\u0161ina z\u00e1stupcov &#8211; vr\u00e1tane Bidena a Harrisa &#8211; nie. Existuj\u00fa desiatky mili\u00f3nov Ameri\u010danov, ktor\u00ed si st\u00e1le myslia, \u017ee ich stranou je strana Johna F. Kennedyho, a z nejak\u00e9ho nezn\u00e1meho d\u00f4vodu st\u00e1le veria, \u017ee ABC a CBS s\u00fa objekt\u00edvne m\u00e9di\u00e1.<\/p>\n<p>Niektor\u00ed z t\u00fdchto voli\u010dov srncov vo svetle reflektorov boli \u0161okovan\u00ed, ke\u010f sa dozvedeli, \u017ee Biden chce rozdrvi\u0165 na\u0161u ekonomiku potla\u010den\u00edm blok\u00e1dy totalitnej vl\u00e1dy, a to aj napriek tomu, \u017ee s\u00e1m Biden a konzervat\u00edvne odbytisk\u00e1 sa sna\u017eia varova\u0165 cel\u00e9 mesiace. In\u00ed boli \u0161okovan\u00ed n\u00e1sil\u00edm BLM a in\u00fdch \u013eavicov\u00fdch skup\u00edn, zvl\u00e1\u0161\u0165 ke\u010f im Biden povedal, \u017ee tak\u00e9 n\u00e1silie je iba \u201en\u00e1padom\u201c.<\/p>\n<p>V\u0161etko, \u010do bude treba na prebudenie t\u00fdch demokratov, ktor\u00ed maj\u00fa star\u00fa \u0161kolu, je trochu viac n\u00e1silia a trochu viac chaosu, ke\u010f obetn\u00fd bar\u00e1nok zn\u00e1my ako Orange Man Bad zmizne. Biden je uv\u00e4znen\u00fd medzi udr\u017eiavan\u00edm il\u00fazie a upokojen\u00edm radik\u00e1lnych frakci\u00ed svojej arm\u00e1dy, ktor\u00e9 si \u017eelaj\u00fa ich zn\u00ed\u017eenie. <\/p>\n<blockquote><p>Ke\u010f Cullorsov\u00e1 povie Bidenovi a Harrisovi, aby \u201esa vydali tvoj\u00edm smerom od organiz\u00e1torov \u010diernych miestnych radov\u201c, v podstate \u017eiada k\u013e\u00fa\u010de od kr\u00e1\u013eovstva. M\u00f4\u017eete sa stavi\u0165, \u017ee sa nezastav\u00ed, k\u00fdm ich nebude ma\u0165.<\/p><\/blockquote>\n<p>Toto je CTRL C, CTRL V, translate \ud83d\ude42  \ud83d\ude42  \ud83d\ude42  \ud83d\ude42  \ud83d\ude42  \ud83d\ude42  \ud83d\ude42 <\/p>\n<hr>\n<p>Aj na\u0161i SK fotbalisti alebo fotbalov\u00fd zv\u00e4z dostan\u00fa podobn\u00fd Liebesbrief for payment od BLM. H\u00e1dam \u010d\u00ednsky hahhahhaha\u0161ik m\u00e1 Paypal konto, tak poplat\u00ed za bryndzu.<\/p>\n<p>Teraz som zvedav\u00fd kedy sra\u010dkoser Sputnik HS o tom nap\u00ed\u0161e \u010dl\u00e1nok \ud83d\ude42<\/p>\n<hr>\n<p> Teraz nie\u010do pre rusofilov na slovensku, drbnut\u00fdch Pjakinovcov, ktor\u00ed sa id\u00fa pokaka\u0165 za rusk\u00fdm isl\u00e1mom &#8220;Lebo Putin&#8221;. Kor\u00e1n je len jeden, vy idioti! Debil pjakin pred rokmi vrieskal, \u017ee Erdoganovi je koniec, a teraz si trasie ruku s KGB\u00e1kom!<\/p>\n<h3>Isl\u00e1m je neoddelite\u013enou s\u00fa\u010das\u0165ou ruskej kult\u00fary, nie Slovenskej<\/h3>\n<p>Rovnako ako Antifa je v\u00e4\u010d\u0161inou mierumilovn\u00fd \u201en\u00e1pad\u201c, aj islamsk\u00fd terorizmus uk\u00e1zal svoje<strong> preva\u017ene mierov\u00e9 sp\u00f4soby v Mozambiku<\/strong>, kde bolo nahromaden\u00fdch a n\u00e1sledne dekapitovan\u00fdch viac ako 50 mu\u017eov po sledovan\u00ed toho, ako ich dediny horia, ich man\u017eelky s\u00fa sexu\u00e1lne napadnut\u00e9 a ich deti bran\u00fd ako otroci.<\/p>\n<p>Teroristick\u00e1 skupina, zn\u00e1ma form\u00e1lne ako Ahlu Sunnah Wal Jammah (v preklade \u201est\u00fapenci trad\u00edci\u00ed a komunity\u201c), je tie\u017e zn\u00e1ma ako al-\u0160abaab alebo \u201eMl\u00e1de\u017e\u201c &#8211; be\u017en\u00fd n\u00e1zov pre d\u017eih\u00e1distick\u00e9 hnutia zlo\u017een\u00e9 z mlad\u00fdch mu\u017eov sna\u017e\u00ed sa zmeni\u0165 svet pod\u013ea u\u010denia a pr\u00edkladov Mohameda.<\/p>\n<p>Skupina za\u010dala vyp\u00e1len\u00edm dvoch ded\u00edn na severe Mozambiku. Po zajat\u00ed prenasledovali t\u00fdch, ktor\u00ed utiekli do lesa. <\/p>\n<p><strong>Potom zhroma\u017edili 50 mu\u017eov a star\u0161\u00edch chlapcov, zaviedli ich na futbalov\u00e9 ihrisko, s\u0165ali im hlavy a rozsekali ich tel\u00e1.<\/strong><\/p>\n<p><img decoding=\"async\" class=\"cento\" src=\"\/image\/inside.jpg\" alt=\" s\u0165ali im hlavy a rozsekali ich tel\u00e1.\" \/><\/p>\n<p>M\u00e9di\u00e1 bud\u00fa na\u010falej ozna\u010dova\u0165 tieto pr\u00edklady \u201eextr\u00e9mizmu\u201c, aj ke\u010f doma sa vyn\u00e1ra podobne n\u00e1siln\u00e1 r\u00e9torika a hnutia. Zauj\u00edmalo by ma, ak\u00fd model bude \u010doskoro nasledova\u0165 na\u0161a vlastn\u00e1 ml\u00e1de\u017e? Ten, ktor\u00fd vedie k \u017eivotu, alebo ten, ktor\u00fd vedie k hr\u00f4ze a smrti?<\/p>\n<p>Tento pr\u00edbeh neuvid\u00edte na mnoh\u00fdch americk\u00fdch spravodajsk\u00fdch serveroch. Nie, s\u00fa pr\u00edli\u0161 zanepr\u00e1zdnen\u00ed h\u013eadan\u00edm na vyvolen\u00e9ho kr\u00e1\u013ea Bidena a jeho kr\u00e1\u013eovsk\u00fdch psov, aby v\u00e1s informovali o brut\u00e1lnej brutalite, ktor\u00fa je potrebn\u00e9 v na\u0161om svete rie\u0161i\u0165.<\/p>\n<hr>\n<p> Tento chlap\u00edk \u010do to p\u00ed\u0161e je naozaj dobr\u00fd!!<\/p>\n<p>Tento server \u010d\u00edta aj Hercules \ud83d\ude42<\/p>\n<p><img decoding=\"async\" class=\"cento\" src=\"\/image\/herculev.jpg\" alt=\"Kevin Sorbo\" \/><\/p>\n<hr>\n<h3>D\u00e1me Pe\u0161kova ktor\u00fd klame, \u017ee v Afrike je len 50 !!!!!!!!!!!!!!! rusk\u00fdch vojakov<\/h3>\n<p>Aj ke\u010f sa zd\u00e1, \u017ee Wagner nasadil v Mozambiku iba konven\u010dn\u00e9 zbrane, ned\u00e1vne spr\u00e1vy z L\u00edbye nazna\u010duj\u00fa spolu\u00fa\u010das\u0165 tohto vybavenia pri dod\u00e1van\u00ed  sarinu alebo bieleho fosforu  sil\u00e1m LNA gener\u00e1la Haftara. Na vysvetlenie pripravenosti Ruskej feder\u00e1cie na beztrestn\u00e9 p\u00f4sobenie v zahrani\u010dn\u00fdch konfliktoch,<strong> \u201eskryt\u00fdch\u201c za fas\u00e1dou PMC Wagner,<\/strong> je potrebn\u00e9 bra\u0165 na vedomie tak\u00e9 hrub\u00e9 poru\u0161enia. <\/p>\n<p>Na zastavenie bezoh\u013eadn\u00e9ho nere\u0161pektovania \u0161t\u00e1tnej suverenity a \u013eudsk\u00fdch pr\u00e1v zo strany Krem\u013ea musia by\u0165 zaveden\u00e9 d\u00f4raznej\u0161ie sankcie, ktor\u00e9 sa t\u00fdkaj\u00fa OSN a region\u00e1lnych org\u00e1nov, napr\u00edklad Africkej \u00fanie. <\/p>\n<p><strong>Neprajn\u00e9 partnerstvo s mozambick\u00fdmi ozbrojen\u00fdmi silami (FADM) viedlo Wagnera <\/strong>k nieko\u013ek\u00fdm krav\u00fdm stretnutiam proti salafistick\u00fdm partiz\u00e1nom bojuj\u00facim mimo severov\u00fdchodn\u00fa provinciu Cabo Delgado. Posledn\u00fd Wagnerov subsaharsk\u00fd podnik, ktor\u00fd je posilnen\u00fd bojovn\u00edkmi z celej v\u00fdchodnej Afriky vr\u00e1tane Som\u00e1lska, sa zr\u00fatil tv\u00e1rou v tv\u00e1r dobre organizovan\u00e9mu a \u010doraz \u00faspe\u0161nej\u0161iemu partiz\u00e1nskemu odporu. <\/p>\n<p><strong>Po utrpen\u00ed mnoh\u00fdch obet\u00ed sa wagnersk\u00ed \u017eoldnieri zjavne stiahli viac ako 250 m\u00ed\u013e od tanz\u00e1nijsk\u00e9ho pohrani\u010dn\u00e9ho regi\u00f3nu a vr\u00e1tili sa na juh, aby sa preskupili a olizovali si rany. <\/strong><\/p>\n<p><a href=\"https:\/\/theowp.org\/russias-latest-intervention-in-mozambique-exemplifies-kremlins-ruthless-approach-to-geopolitics\/\">Pod\u013ea Jasmine Oppermanovej<\/a>, expertky na juhoafrick\u00fd terorizmus, nesie tento posledn\u00fd rusk\u00fd podnik v\u0161etky znaky predch\u00e1dzaj\u00facich ne\u00faspe\u0161n\u00fdch z\u00e1sahov do zahrani\u010dia. <\/p>\n<p><strong>&#8220;Rusi nerozumej\u00fa miestnej kult\u00fare, neverte vojakom [FADM] a mus\u00edte bojova\u0165 v stra\u0161n\u00fdch podmienkach proti nepriate\u013eovi, ktor\u00fd z\u00edskava \u010doraz viac na obr\u00e1tkach. \u201c<\/strong><\/p>\n<p><img class=\"cento\"src=\"https:\/\/infocz-media.s3.amazonaws.com\/infocz\/production\/files\/2020\/07\/16\/07\/48\/48\/fc2dcbf9-bcc3-41e3-855d-49b46d12641c\/5987040.jpg\" alt=\"\" \/><\/p>\n<h3> F,F,F, \u00e9to im\u00fa\u00fa\u00fa\u00fa\u00fa\u00fanita? F,F, F<\/h3>\n<p>Hovorca Krem\u013ea okam\u017eite vyd\u00e1va spr\u00e1vy o odmietnut\u00ed a opakuje, \u017ee <strong>\u201ev Mozambiku nie s\u00fa \u017eiadni rusk\u00ed vojaci\u201c<\/strong>. Tri dni po spr\u00e1ve a vyhl\u00e1sen\u00ed Krem\u013ea, pri \u00fatoku boli zabit\u00ed 2 vojaci skupiny Prigo\u017ein Wagner. Takmer o tri t\u00fd\u017edne nesk\u00f4r bolo v z\u00e1lohe zabit\u00fdch \u010fal\u0161\u00edch 5 vojakov skupiny Wanger. Kreme\u013e nijak\u00fd incident nekomentoval. <\/p>\n<p>To nie je rusk\u00e1 arm\u00e1da, to len rusk\u00e9 ministerstvo obrany financuje. Zbytok si kradn\u00fa Prigo\u017ein W\u00e1gner zo zlat\u00fdch bani, ktor\u00e9 im dali v Afrike k dispozicii, aby  to Kreme\u013e nevy\u0161lo draho, to zlato pre nich samozrejme doluje BLM  Afrika. Kto sa im do toho bude mie\u0161a\u0165, bude zastrelen\u00fd, ako t\u00ed traja rusk\u00ed novin\u00e1ri \ud83d\ude42  \ud83d\ude42  \ud83d\ude42 <\/p>\n","protected":false},"excerpt":{"rendered":"<p>Na\u0161i politicky obrovsky s\u010d\u00edtani a vzdelan\u00ed futbalisti teraz po\u0161l\u00fa hnutiu Black Lives Matter fina\u010dn\u00fa a samozrejme osobn\u00fa podporu, len tak bude fi\u010da\u0165. \u010cinsky smrad hahahahahm\u0161ik to vybav\u00ed z vlastn\u00e9ho, ked nikto nedolo\u017ei! Black Lives Matter u\u017e po\u017eaduj\u00fa od Bidena NIE\u010cO! Lebo ako p\u00edsomne uviedli zadarmo ani kura nehrabe. Zadarmo sa ani SK futbalisti r\u00e1no nezobudia [&hellip;]<\/p>\n","protected":false},"author":1,"featured_media":0,"comment_status":"closed","ping_status":"open","sticky":false,"template":"","format":"standard","meta":{"footnotes":""},"categories":[11],"tags":[],"class_list":["post-5767","post","type-post","status-publish","format-standard","hentry","category-q-anon"],"_links":{"self":[{"href":"https:\/\/extraslovensko.sk\/spravy\/wp-json\/wp\/v2\/posts\/5767","targetHints":{"allow":["GET"]}}],"collection":[{"href":"https:\/\/extraslovensko.sk\/spravy\/wp-json\/wp\/v2\/posts"}],"about":[{"href":"https:\/\/extraslovensko.sk\/spravy\/wp-json\/wp\/v2\/types\/post"}],"author":[{"embeddable":true,"href":"https:\/\/extraslovensko.sk\/spravy\/wp-json\/wp\/v2\/users\/1"}],"replies":[{"embeddable":true,"href":"https:\/\/extraslovensko.sk\/spravy\/wp-json\/wp\/v2\/comments?post=5767"}],"version-history":[{"count":0,"href":"https:\/\/extraslovensko.sk\/spravy\/wp-json\/wp\/v2\/posts\/5767\/revisions"}],"wp:attachment":[{"href":"https:\/\/extraslovensko.sk\/spravy\/wp-json\/wp\/v2\/media?parent=5767"}],"wp:term":[{"taxonomy":"category","embeddable":true,"href":"https:\/\/extraslovensko.sk\/spravy\/wp-json\/wp\/v2\/categories?post=5767"},{"taxonomy":"post_tag","embeddable":true,"href":"https:\/\/extraslovensko.sk\/spravy\/wp-json\/wp\/v2\/tags?post=5767"}],"curies":[{"name":"wp","href":"https:\/\/api.w.org\/{rel}","templated":true}]}}